{"id":1014,"date":"2013-06-03T21:42:09","date_gmt":"2013-06-03T19:42:09","guid":{"rendered":"http:\/\/xn--stasmulor-07a.se\/?p=1014"},"modified":"2013-06-03T21:42:09","modified_gmt":"2013-06-03T19:42:09","slug":"sillatarta","status":"publish","type":"post","link":"https:\/\/mari.lamberth.se\/?p=1014","title":{"rendered":"Sillat\u00e5rta"},"content":{"rendered":"<address>H\u00e4r kommer en annan favorit p\u00e5 midsommarbordet. Tror faktiskt att ett par av mina midsommarg\u00e4ster hade blivit besvikna om inte denna fanns p\u00e5 bordet, inga namn n\u00e4mnda&#8230;<\/address>\n<address>\u00a0<\/address>\n<address>\u00a0<\/address>\n<address>\u00a0<\/address>\n<address>\u00a0<\/address>\n<address>\u00a0<\/address>\n<address>\u00a0<\/address>\n<address>\u00a0<\/address>\n<address>\u00a0<\/address>\n<address><strong><span style=\"text-decoration: underline;\">Botten<\/span><\/strong><\/address>\n<address>200 g kavring<br \/>\n75 g sm\u00f6r<\/address>\n<address>\u00a0<\/address>\n<address><span style=\"text-decoration: underline;\"><strong>Fyllning<\/strong><\/span><br \/>\n4 gelantinblad<br \/>\n200 g matjesill<br \/>\n1 r\u00f6dl\u00f6k<br \/>\n3 dl gr\u00e4ddfil<br \/>\n1 brk kesella eller l\u00e4tt creme fraiche<br \/>\n1\/2 tsk svart peppar<br \/>\n1 msk sillaspad<br \/>\nr\u00f6dl\u00f6k, gr\u00e4sl\u00f6k och r\u00e4disor till garnering<\/address>\n<address>\u00a0<\/address>\n<address>Finhacka br\u00f6d eller k\u00f6r i matberedare h\u00e4ll i sm\u00e4lt sm\u00f6r k\u00f6r en liten stund till. H\u00e4ll ut det i en form med l\u00f6stagbar kant. Tryck ut det j\u00e4mnt.<\/address>\n<address>\u00a0<\/address>\n<address>Finhacka sillen, r\u00f6dl\u00f6ken. Blanda ihop sill, r\u00f6dl\u00f6k, gr\u00e4ddfil, kesella, svart peppar, sillaspad. Sm\u00e4lt gelentinet p\u00e5 svag v\u00e4rme i kastrull. R\u00f6r i ett par msk av klegget. Blanda ner i \u00f6vrigt klegg, r\u00f6r runt ordentligt. H\u00e4ll i formen. L\u00e5t st\u00e5 i kylen g\u00e4rna \u00f6ver natten. Samma dag som servering, pynta. \u00c4t och njut!<\/address>\n<address>\u00a0<\/address>\n<address><a href=\"http:\/\/xn--stasmulor-07a.se\/wp-content\/uploads\/2013\/06\/DSC02582.jpg\"><img loading=\"lazy\" class=\"alignleft size-large wp-image-1015\" alt=\"SONY DSC\" src=\"http:\/\/xn--stasmulor-07a.se\/wp-content\/uploads\/2013\/06\/DSC02582-1024x685.jpg\" width=\"692\" height=\"462\" \/><\/a><\/address>\n<address>\u00a0<\/address>\n<address>\u00a0<\/address>\n<p>&nbsp;<\/p>\n<p>&nbsp;<\/p>\n<p>&nbsp;<\/p>\n<p>&nbsp;<\/p>\n<p>&nbsp;<\/p>\n","protected":false},"excerpt":{"rendered":"<p>H\u00e4r kommer en annan favorit p\u00e5 midsommarbordet. Tror faktiskt att ett par av mina midsommarg\u00e4ster hade blivit besvikna om inte denna fanns p\u00e5 bordet, inga namn n\u00e4mnda&#8230; \u00a0 \u00a0 \u00a0 \u00a0 \u00a0 \u00a0 \u00a0 \u00a0 Botten 200 g kavring 75 g sm\u00f6r \u00a0 Fyllning 4 gelantinblad 200 g matjesill 1 \u2026<\/p>\n<p class=\"continue-reading-button\"> <a class=\"continue-reading-link\" href=\"https:\/\/mari.lamberth.se\/?p=1014\">Continue reading<i class=\"crycon-right-dir\"><\/i><\/a><\/p>\n","protected":false},"author":1,"featured_media":1015,"comment_status":"open","ping_status":"open","sticky":false,"template":"","format":"standard","meta":[],"categories":[12,6,2],"tags":[],"_links":{"self":[{"href":"https:\/\/mari.lamberth.se\/index.php?rest_route=\/wp\/v2\/posts\/1014"}],"collection":[{"href":"https:\/\/mari.lamberth.se\/index.php?rest_route=\/wp\/v2\/posts"}],"about":[{"href":"https:\/\/mari.lamberth.se\/index.php?rest_route=\/wp\/v2\/types\/post"}],"author":[{"embeddable":true,"href":"https:\/\/mari.lamberth.se\/index.php?rest_route=\/wp\/v2\/users\/1"}],"replies":[{"embeddable":true,"href":"https:\/\/mari.lamberth.se\/index.php?rest_route=%2Fwp%2Fv2%2Fcomments&post=1014"}],"version-history":[{"count":0,"href":"https:\/\/mari.lamberth.se\/index.php?rest_route=\/wp\/v2\/posts\/1014\/revisions"}],"wp:featuredmedia":[{"embeddable":true,"href":"https:\/\/mari.lamberth.se\/index.php?rest_route=\/"}],"wp:attachment":[{"href":"https:\/\/mari.lamberth.se\/index.php?rest_route=%2Fwp%2Fv2%2Fmedia&parent=1014"}],"wp:term":[{"taxonomy":"category","embeddable":true,"href":"https:\/\/mari.lamberth.se\/index.php?rest_route=%2Fwp%2Fv2%2Fcategories&post=1014"},{"taxonomy":"post_tag","embeddable":true,"href":"https:\/\/mari.lamberth.se\/index.php?rest_route=%2Fwp%2Fv2%2Ftags&post=1014"}],"curies":[{"name":"wp","href":"https:\/\/api.w.org\/{rel}","templated":true}]}}