{"id":1051,"date":"2013-09-26T20:44:56","date_gmt":"2013-09-26T18:44:56","guid":{"rendered":"http:\/\/xn--stasmulor-07a.se\/?p=1051"},"modified":"2013-09-26T20:44:56","modified_gmt":"2013-09-26T18:44:56","slug":"apple-och-hallonpaj","status":"publish","type":"post","link":"https:\/\/mari.lamberth.se\/?p=1051","title":{"rendered":"\u00c4pple och hallonpaj!"},"content":{"rendered":"<address>Idag bidde det en \u00e4pple- och hallonpaj till fikat. Nu \u00e4r det dags att kasta sig \u00f6ver de svenska \u00e4pplena och bara baka loss en massa godigheter. Idag experimenterade jag med hallon och \u00e4pple och det blev en superkombo. Den e v\u00e4ldigt l\u00e4tt och snabb att g\u00f6ra. Jag har legat hemma och varit megaf\u00f6rkyld i n\u00e5gra dagar och baksuget fick lite utlopp\u00a0idag men med\u00a0lite lagom l\u00e5ng tid i k\u00f6ket. H\u00e4r kommer receptet.<\/address>\n<address>\u00a0<\/address>\n<address>\u00a0<\/address>\n<address>\u00a0<\/address>\n<address>\u00a0<\/address>\n<address>\u00a0<\/address>\n<address>\u00a0<\/address>\n<address>\u00a0<\/address>\n<address><strong>\u00c4pple och hallonpaj!<\/strong><\/address>\n<address>\u00a0<\/address>\n<address>Ett g\u00e4ng \u00e4pple ca 6-7 st beroende p\u00e5 hur stora dem \u00e4r<\/address>\n<address>2 dl hallon (Jag tog hallonsylt f\u00f6r det kokade jag ig\u00e5r)<\/address>\n<address>\u00a0<\/address>\n<address>Skala och dela \u00e4pplena i mindre bitar, i en ugnsfast form. L\u00e4gg \u00f6ver hallonen eller sylten.<\/address>\n<address>\u00a0<\/address>\n<address><strong>Smeten<\/strong><\/address>\n<address>75 g sm\u00f6r<\/address>\n<address>1,5 dl mj\u00f6l<\/address>\n<address>1 dl mandelmj\u00f6l (finns p\u00e5 Maxi)<\/address>\n<address>1 dl r\u00e5socker<br \/>\n3\/4 tsk bakpulver<\/address>\n<address>\u00a0<\/address>\n<address>Sm\u00e4lt sm\u00f6ret i en kastrull. Ta kastrullen fr\u00e5n v\u00e4rmen och l\u00e4gg i resten av ingredienserna. R\u00f6r om. Klicka ut \u00f6ver frukten\/b\u00e4ren. Gr\u00e4dda i ugnen i ca 25-30 minuter i 200 grader. Njut med vaniljvisp, l\u00e4ttvispad gr\u00e4dde eller en god vaniljglass.<\/address>\n<address>\u00a0<\/address>\n<address>\u00a0<\/address>\n<address><a href=\"http:\/\/xn--stasmulor-07a.se\/wp-content\/uploads\/2013\/09\/IMG_63931.jpg\"><img loading=\"lazy\" class=\"alignleft size-large wp-image-1052\" alt=\"IMG_6393[1]\" src=\"http:\/\/xn--stasmulor-07a.se\/wp-content\/uploads\/2013\/09\/IMG_63931-1024x1024.jpg\" width=\"692\" height=\"692\" \/><\/a><\/address>\n","protected":false},"excerpt":{"rendered":"<p>Idag bidde det en \u00e4pple- och hallonpaj till fikat. Nu \u00e4r det dags att kasta sig \u00f6ver de svenska \u00e4pplena och bara baka loss en massa godigheter. Idag experimenterade jag med hallon och \u00e4pple och det blev en superkombo. Den e v\u00e4ldigt l\u00e4tt och snabb att g\u00f6ra. Jag har legat \u2026<\/p>\n<p class=\"continue-reading-button\"> <a class=\"continue-reading-link\" href=\"https:\/\/mari.lamberth.se\/?p=1051\">Continue reading<i class=\"crycon-right-dir\"><\/i><\/a><\/p>\n","protected":false},"author":1,"featured_media":1052,"comment_status":"open","ping_status":"open","sticky":false,"template":"","format":"standard","meta":[],"categories":[5,10,18],"tags":[],"_links":{"self":[{"href":"https:\/\/mari.lamberth.se\/index.php?rest_route=\/wp\/v2\/posts\/1051"}],"collection":[{"href":"https:\/\/mari.lamberth.se\/index.php?rest_route=\/wp\/v2\/posts"}],"about":[{"href":"https:\/\/mari.lamberth.se\/index.php?rest_route=\/wp\/v2\/types\/post"}],"author":[{"embeddable":true,"href":"https:\/\/mari.lamberth.se\/index.php?rest_route=\/wp\/v2\/users\/1"}],"replies":[{"embeddable":true,"href":"https:\/\/mari.lamberth.se\/index.php?rest_route=%2Fwp%2Fv2%2Fcomments&post=1051"}],"version-history":[{"count":0,"href":"https:\/\/mari.lamberth.se\/index.php?rest_route=\/wp\/v2\/posts\/1051\/revisions"}],"wp:featuredmedia":[{"embeddable":true,"href":"https:\/\/mari.lamberth.se\/index.php?rest_route=\/"}],"wp:attachment":[{"href":"https:\/\/mari.lamberth.se\/index.php?rest_route=%2Fwp%2Fv2%2Fmedia&parent=1051"}],"wp:term":[{"taxonomy":"category","embeddable":true,"href":"https:\/\/mari.lamberth.se\/index.php?rest_route=%2Fwp%2Fv2%2Fcategories&post=1051"},{"taxonomy":"post_tag","embeddable":true,"href":"https:\/\/mari.lamberth.se\/index.php?rest_route=%2Fwp%2Fv2%2Ftags&post=1051"}],"curies":[{"name":"wp","href":"https:\/\/api.w.org\/{rel}","templated":true}]}}