{"id":160,"date":"2011-08-16T20:56:18","date_gmt":"2011-08-16T20:56:18","guid":{"rendered":"http:\/\/lamberth.se\/mari\/wordpress\/?p=160"},"modified":"2011-08-16T20:56:18","modified_gmt":"2011-08-16T20:56:18","slug":"vattenmelonsallad-med-fetaost-och-oliver","status":"publish","type":"post","link":"https:\/\/mari.lamberth.se\/?p=160","title":{"rendered":"Vattenmelonsallad med fetaost och oliver"},"content":{"rendered":"<p>&nbsp;<\/p>\n<address>En sallad med s\u00f6tt &amp; salt \u00e4r ett m\u00e5ste f\u00f6r mig p\u00e5 sommaren \u00e4lskar att ha frukt och b\u00e4r till det grillade salta k\u00f6ttet. K\u00e4rlek med stort K. Salladen kan varieras det viktiga e att man har antingen jordgubbar eller vattenmelon, oliver, fetaost det e liksom basen&#8230; Just denna sallad inneh\u00e5ller:<\/address>\n<address>\u00a0<\/address>\n<address>Blandsallad (f\u00e4rdig p\u00e5se finns p\u00e5 ICA)<br \/>\nGr\u00f6na och svarta oliver<br \/>\n1 pkt fetaost<br \/>\nVattenmelon efter behag<br \/>\nS\u00f6tmelon efter behag (n\u00e4t-, honungs- eller\/och galiamelon)<br \/>\nHallon<br \/>\nR\u00f6da vinb\u00e4r<a href=\"http:\/\/xn--stasmulor-07a.se\/wp-content\/uploads\/2011\/08\/20110717405.jpg\"><img loading=\"lazy\" class=\"aligncenter size-large wp-image-161\" title=\"God god sallad\" src=\"http:\/\/xn--stasmulor-07a.se\/wp-content\/uploads\/2011\/08\/20110717405-1024x684.jpg\" alt=\"\" width=\"692\" height=\"462\" \/><\/a><\/address>\n","protected":false},"excerpt":{"rendered":"<p>&nbsp; En sallad med s\u00f6tt &amp; salt \u00e4r ett m\u00e5ste f\u00f6r mig p\u00e5 sommaren \u00e4lskar att ha frukt och b\u00e4r till det grillade salta k\u00f6ttet. K\u00e4rlek med stort K. Salladen kan varieras det viktiga e att man har antingen jordgubbar eller vattenmelon, oliver, fetaost det e liksom basen&#8230; Just denna \u2026<\/p>\n<p class=\"continue-reading-button\"> <a class=\"continue-reading-link\" href=\"https:\/\/mari.lamberth.se\/?p=160\">Continue reading<i class=\"crycon-right-dir\"><\/i><\/a><\/p>\n","protected":false},"author":1,"featured_media":0,"comment_status":"open","ping_status":"open","sticky":false,"template":"","format":"standard","meta":[],"categories":[14],"tags":[],"_links":{"self":[{"href":"https:\/\/mari.lamberth.se\/index.php?rest_route=\/wp\/v2\/posts\/160"}],"collection":[{"href":"https:\/\/mari.lamberth.se\/index.php?rest_route=\/wp\/v2\/posts"}],"about":[{"href":"https:\/\/mari.lamberth.se\/index.php?rest_route=\/wp\/v2\/types\/post"}],"author":[{"embeddable":true,"href":"https:\/\/mari.lamberth.se\/index.php?rest_route=\/wp\/v2\/users\/1"}],"replies":[{"embeddable":true,"href":"https:\/\/mari.lamberth.se\/index.php?rest_route=%2Fwp%2Fv2%2Fcomments&post=160"}],"version-history":[{"count":0,"href":"https:\/\/mari.lamberth.se\/index.php?rest_route=\/wp\/v2\/posts\/160\/revisions"}],"wp:attachment":[{"href":"https:\/\/mari.lamberth.se\/index.php?rest_route=%2Fwp%2Fv2%2Fmedia&parent=160"}],"wp:term":[{"taxonomy":"category","embeddable":true,"href":"https:\/\/mari.lamberth.se\/index.php?rest_route=%2Fwp%2Fv2%2Fcategories&post=160"},{"taxonomy":"post_tag","embeddable":true,"href":"https:\/\/mari.lamberth.se\/index.php?rest_route=%2Fwp%2Fv2%2Ftags&post=160"}],"curies":[{"name":"wp","href":"https:\/\/api.w.org\/{rel}","templated":true}]}}