{"id":164,"date":"2011-08-16T21:00:40","date_gmt":"2011-08-16T21:00:40","guid":{"rendered":"http:\/\/lamberth.se\/mari\/wordpress\/?p=164"},"modified":"2011-08-16T21:00:40","modified_gmt":"2011-08-16T21:00:40","slug":"svarmors-salladsdressing","status":"publish","type":"post","link":"https:\/\/mari.lamberth.se\/?p=164","title":{"rendered":"Sv\u00e4rmors salladsdressing"},"content":{"rendered":"<address>Denna dressing \u00e4r som balsam f\u00f6r sj\u00e4len och lyfter vilken sallad som helst<\/address>\n<address>\u00a0<\/address>\n<address>Pressa 1 eller 2 citroner beroende p\u00e5 hur mkt sallad du har. R\u00f6r i socker s\u00e5 pass mkt att det inte \u00e4r f\u00f6r surt utan s\u00e5d\u00e4r lagom s\u00f6tt och lagom surt. H\u00e4ll p\u00e5 salladen och NJUT.<\/address>\n","protected":false},"excerpt":{"rendered":"<p>Denna dressing \u00e4r som balsam f\u00f6r sj\u00e4len och lyfter vilken sallad som helst \u00a0 Pressa 1 eller 2 citroner beroende p\u00e5 hur mkt sallad du har. R\u00f6r i socker s\u00e5 pass mkt att det inte \u00e4r f\u00f6r surt utan s\u00e5d\u00e4r lagom s\u00f6tt och lagom surt. H\u00e4ll p\u00e5 salladen och NJUT.<\/p>\n","protected":false},"author":1,"featured_media":0,"comment_status":"open","ping_status":"open","sticky":false,"template":"","format":"standard","meta":[],"categories":[15],"tags":[],"_links":{"self":[{"href":"https:\/\/mari.lamberth.se\/index.php?rest_route=\/wp\/v2\/posts\/164"}],"collection":[{"href":"https:\/\/mari.lamberth.se\/index.php?rest_route=\/wp\/v2\/posts"}],"about":[{"href":"https:\/\/mari.lamberth.se\/index.php?rest_route=\/wp\/v2\/types\/post"}],"author":[{"embeddable":true,"href":"https:\/\/mari.lamberth.se\/index.php?rest_route=\/wp\/v2\/users\/1"}],"replies":[{"embeddable":true,"href":"https:\/\/mari.lamberth.se\/index.php?rest_route=%2Fwp%2Fv2%2Fcomments&post=164"}],"version-history":[{"count":0,"href":"https:\/\/mari.lamberth.se\/index.php?rest_route=\/wp\/v2\/posts\/164\/revisions"}],"wp:attachment":[{"href":"https:\/\/mari.lamberth.se\/index.php?rest_route=%2Fwp%2Fv2%2Fmedia&parent=164"}],"wp:term":[{"taxonomy":"category","embeddable":true,"href":"https:\/\/mari.lamberth.se\/index.php?rest_route=%2Fwp%2Fv2%2Fcategories&post=164"},{"taxonomy":"post_tag","embeddable":true,"href":"https:\/\/mari.lamberth.se\/index.php?rest_route=%2Fwp%2Fv2%2Ftags&post=164"}],"curies":[{"name":"wp","href":"https:\/\/api.w.org\/{rel}","templated":true}]}}