{"id":179,"date":"2011-08-17T20:43:48","date_gmt":"2011-08-17T20:43:48","guid":{"rendered":"http:\/\/lamberth.se\/mari\/wordpress\/?p=179"},"modified":"2011-08-17T20:43:48","modified_gmt":"2011-08-17T20:43:48","slug":"ringlande-ormtarta","status":"publish","type":"post","link":"https:\/\/mari.lamberth.se\/?p=179","title":{"rendered":"Ringlande ormt\u00e5rta"},"content":{"rendered":"<address>Denna giftiga ormt\u00e5rta hade jag till min son n\u00e4r han fyllde 2 \u00e5r, han blev \u00f6verlycklig, och det e det som e s\u00e5 roligt att g\u00f6ra t\u00e5rtor till barnens kalas att f\u00e5 se deras min n\u00e4r t\u00e5rtan kommer fram&#8230; Den e faktiskt inte s\u00e5 sv\u00e5r att g\u00f6ra.. Mkt text blir det, men vill vara tydlig. Jag e inte s\u00e5 bra p\u00e5 att skriva ner hur mkt av gr\u00e4dde osv som ska vara till t\u00e5rtorna, men ska f\u00f6rs\u00f6ka f\u00e5 i hop det \u00e4nd\u00e5.. Jag k\u00f6per alltid lite mer gr\u00e4dde \u00e4n vad jag tror det g\u00e5r \u00e5t s\u00e5 om man vill ha mer i eller p\u00e5 s\u00e5 har man hemma. F\u00f6r en torr t\u00e5rta e inge gott.. T\u00e5rtan ska l\u00e4ggas ihop dagen innan och dekoreras samma dag som den ska serveras. Har ingen aning om hur m\u00e5nga personer den r\u00e4cker till men \u00e4ter man inte upp den p\u00e5 kalaset kan man ju alltid forts\u00e4tta kalaset dagen efter eller g\u00f6ra grannarna\/kollegorna glada det brukar jag g\u00f6ra&#8230; Vi var i alla fall 15 vuxna och 5 barn p\u00e5 detta kalaset, och det blev \u00f6ver.<\/address>\n<address>\u00a0<\/address>\n<address><span style=\"text-decoration: underline;\">Jag tycker att det \u00e4r l\u00e4ttast att fylla t\u00e5rtan innan med vad man vill ha i innan man b\u00f6rjar med att sk\u00e4ra ut bitarna.<\/span><span style=\"color: #ff00ff;\"> Bild 1<\/span> den f\u00e4rdigbakade bottnen, ta fram ett glas normalstort tryck glaset i mitten s\u00e5 du f\u00e5r ut en liten puck. Spara p\u00e5 den, ska anv\u00e4ndas f\u00f6r att g\u00f6ra huvudet p\u00e5 ormen. Bild 2 delar du p\u00e5 t\u00e5rtan rakt igenom. <span style=\"color: #ff00ff;\">Bild 3<\/span> \u00e4r hur du formar ormen.<\/address>\n<address>\u00a0<\/address>\n<address>Jag anv\u00e4nder mig att en t\u00e5rtbotten som e h\u00e4mtad av <span style=\"color: #00ffff;\">Millas kalas t\u00e5rtor<\/span> den blir lite h\u00f6gre \u00e4n andra jag provat. <span style=\"color: #ff00ff;\">Till ormt\u00e5rtan p\u00e5 bilden beh\u00f6vs det 2 t\u00e5rtor, man kan g\u00f6ra p\u00e5 en om man vill.<\/span><\/address>\n<address>\u00a0<\/address>\n<address>T\u00e5rtbotten:<br \/>\n3 \u00e4gg<br \/>\n2 dl socker<br \/>\n3 dl vetemj\u00f6l<br \/>\n2 tsk bakpulver<br \/>\n1 tsk vaniljsocker<br \/>\n1 dl kokande vatten<\/address>\n<address>\u00a0<\/address>\n<address>1. S\u00e4tt ugnen p\u00e5 175 grader. Vispa \u00e4gg och socker fluffigt.<\/address>\n<address>2. S\u00e4tt p\u00e5 vattenkokaren. Sm\u00f6ra och br\u00f6a formen ( du kan br\u00f6a med str\u00f6br\u00f6d, vetemj\u00f6l, kokos, n\u00f6tter i princip vad du vill).<\/address>\n<address>3. Blanda de torra ingredienserna med varandra. Kontrollera att ugnen blivit helt varm innan du r\u00f6r ner dem i smeten. Man kan sikta ner de torra ingredienserna i smeten f\u00f6r att slippa klumpar det brukar jag alltid g\u00f6ra.<\/address>\n<address>4. R\u00f6r om i smeten medan du tills\u00e4tter det kokande vattnet. Viktigt att f\u00e5 in smeten direkt efter eftersom att det kokande vattnet k\u00f6r i g\u00e5ng bakpulvret.<\/address>\n<address>5. H\u00e4ll smeten i formen, s\u00e4tt genast in i ugnen och gr\u00e4dda p\u00e5 nedersta falsen i ca 35 minuter. L\u00e5t svalna!<\/address>\n<address>\u00a0<\/address>\n<address><span style=\"color: #ff00ff;\">Att ha i t\u00e5rtan:<\/span><\/address>\n<address>Det e aldrig fel att ha chokladpudding p\u00e5 ett lager och p\u00e5 det andra mosad\/skivad banan tillsammans med vispad gr\u00e4dde. Fantastisk kombo&#8230; Annars tar du bara det som gillas p\u00e5 kalas.<\/address>\n<address>\u00a0<\/address>\n<address>Till 2 t\u00e5rtor beh\u00f6vs:<\/address>\n<address>6-8 bananer<\/address>\n<address>5-6 dl vispad gr\u00e4dde<\/address>\n<address>ev vaniljsocker<\/address>\n<address>chokladpudding<\/address>\n<address>\u00a0<\/address>\n<address>Dela t\u00e5rtan i 3 delar p\u00e5 det ena botten brer du chokladpudding och p\u00e5 den andra botten tar du 3-4 bananer blandat med 2,5 dl vispad gr\u00e4dde s\u00f6ta g\u00e4rna om du tycker att det beh\u00f6vs. Plasta och l\u00e5t st\u00e5 i kylen \u00f6ver natten f\u00f6r att gosa till sig.<\/address>\n<address>\u00a0<\/address>\n<address>Tag fram t\u00e5rtan och g\u00f6r enl bild 2, p\u00e5 det gula ritade pappret och dekorera.<\/address>\n<address>\u00a0<\/address>\n<address><span style=\"color: #ff00ff;\">Dekorera t\u00e5rtan:<\/span><\/address>\n<address>ca 5-6 dl vispad gr\u00e4dde<\/address>\n<address>ev karamell f\u00e4rg eller pastaf\u00e4rg jag hade gr\u00f6n<\/address>\n<address>inf\u00e4rgad kokos i mitten p\u00e5 ormen, p\u00e5 med plasthandskar eller plastp\u00e5sar och gnid in kokos med gr\u00f6n f\u00e4rg.. Detta kan du g\u00f6ra ett tag innan kalaset jag gjorde det nog<span style=\"color: #ff00ff;\"> 1 vecka innan<\/span> f\u00f6rvara kokosen i en t\u00e4tslutande burk i skafferiet.<\/address>\n<address>zick zacka med sm\u00e4lt choklad \u00f6ver ormen.<\/address>\n<address>\u00d6gonen \u00e4r halverade marschmallows med sm\u00e4lt choklad<span style=\"color: #ff00ff;\"> (dessa g\u00e5r ox\u00e5 att f\u00f6rbereda i god tid innan)<\/span><\/address>\n<address>Tungan \u00e4r en syrlig rem som du klipper ett V l\u00e4ngst fram och sticker in under huvudet..<\/address>\n<address>Huvudet \u00e4r den lilla pucken som du tryckte ut med glaset.<\/address>\n<address>\u00a0<\/address>\n<address>\u00a0<\/address>\n<p><a href=\"http:\/\/xn--stasmulor-07a.se\/wp-content\/uploads\/2011\/08\/2007-09-03-050.jpg\"><img loading=\"lazy\" class=\"aligncenter size-large wp-image-181\" title=\"SONY DSC\" src=\"http:\/\/xn--stasmulor-07a.se\/wp-content\/uploads\/2011\/08\/2007-09-03-050-1024x685.jpg\" alt=\"\" width=\"692\" height=\"462\" \/><\/a><\/p>\n<address><a href=\"http:\/\/xn--stasmulor-07a.se\/wp-content\/uploads\/2011\/08\/201108175851.jpg\"><img loading=\"lazy\" class=\"aligncenter size-large wp-image-180\" title=\"hur man g\u00f6r en ormt\u00e5rta\" src=\"http:\/\/xn--stasmulor-07a.se\/wp-content\/uploads\/2011\/08\/201108175851-1024x684.jpg\" alt=\"\" width=\"692\" height=\"462\" \/><\/a>Jag e inte v\u00e4rldsb\u00e4st p\u00e5 att rita men hoppas ni f\u00f6rst\u00e5r&#8230;<\/address>\n","protected":false},"excerpt":{"rendered":"<p>Denna giftiga ormt\u00e5rta hade jag till min son n\u00e4r han fyllde 2 \u00e5r, han blev \u00f6verlycklig, och det e det som e s\u00e5 roligt att g\u00f6ra t\u00e5rtor till barnens kalas att f\u00e5 se deras min n\u00e4r t\u00e5rtan kommer fram&#8230; Den e faktiskt inte s\u00e5 sv\u00e5r att g\u00f6ra.. Mkt text blir \u2026<\/p>\n<p class=\"continue-reading-button\"> <a class=\"continue-reading-link\" href=\"https:\/\/mari.lamberth.se\/?p=179\">Continue reading<i class=\"crycon-right-dir\"><\/i><\/a><\/p>\n","protected":false},"author":1,"featured_media":0,"comment_status":"open","ping_status":"open","sticky":false,"template":"","format":"standard","meta":[],"categories":[8],"tags":[],"_links":{"self":[{"href":"https:\/\/mari.lamberth.se\/index.php?rest_route=\/wp\/v2\/posts\/179"}],"collection":[{"href":"https:\/\/mari.lamberth.se\/index.php?rest_route=\/wp\/v2\/posts"}],"about":[{"href":"https:\/\/mari.lamberth.se\/index.php?rest_route=\/wp\/v2\/types\/post"}],"author":[{"embeddable":true,"href":"https:\/\/mari.lamberth.se\/index.php?rest_route=\/wp\/v2\/users\/1"}],"replies":[{"embeddable":true,"href":"https:\/\/mari.lamberth.se\/index.php?rest_route=%2Fwp%2Fv2%2Fcomments&post=179"}],"version-history":[{"count":0,"href":"https:\/\/mari.lamberth.se\/index.php?rest_route=\/wp\/v2\/posts\/179\/revisions"}],"wp:attachment":[{"href":"https:\/\/mari.lamberth.se\/index.php?rest_route=%2Fwp%2Fv2%2Fmedia&parent=179"}],"wp:term":[{"taxonomy":"category","embeddable":true,"href":"https:\/\/mari.lamberth.se\/index.php?rest_route=%2Fwp%2Fv2%2Fcategories&post=179"},{"taxonomy":"post_tag","embeddable":true,"href":"https:\/\/mari.lamberth.se\/index.php?rest_route=%2Fwp%2Fv2%2Ftags&post=179"}],"curies":[{"name":"wp","href":"https:\/\/api.w.org\/{rel}","templated":true}]}}