{"id":264,"date":"2011-08-30T16:55:54","date_gmt":"2011-08-30T16:55:54","guid":{"rendered":"http:\/\/xn--stasmulor-07a.se\/?p=264"},"modified":"2011-08-30T16:55:54","modified_gmt":"2011-08-30T16:55:54","slug":"pannkakstarta","status":"publish","type":"post","link":"https:\/\/mari.lamberth.se\/?p=264","title":{"rendered":"Pannkakst\u00e5rta"},"content":{"rendered":"<address>Idag fyller min stora kille 6 \u00e5r tiden g\u00e5r s\u00e5 otroligt fort, jag e s\u00e5 glad att jag haft m\u00f6jligheten att vara hemma mycket under dagistiden med barnen, f\u00f6r sm\u00e5barns tiden kommer aldrig tillbaka. Nu har han blivit stora killen och b\u00f6rjat skolan nu KAN vi inte ha en slappedag l\u00e4ngre mitt i veckan.<\/address>\n<address>\u00a0<\/address>\n<address>Han blev firad ordentligt i helgen men f\u00e5r ju k\u00e4nna av att det var den riktiga f\u00f6delsedagen idag, s\u00e5 i eftermiddag kollade jag igenom kylen och kom fram till att det fick bli en pannkakst\u00e5rta. Pannkaksreceptet e Sv\u00e4rmors och det \u00e4r nog det b\u00e4sta jag provat s\u00e5 det ska jag dela med mig av, inte direkt s\u00e5 sv\u00e5rt att komma ih\u00e5g heller&#8230;<\/address>\n<address>\u00a0<\/address>\n<address>\u00a0<\/address>\n<address><span style=\"text-decoration: underline;\"><strong>Pannkakssmet blir ca 11-12 <\/strong><strong>st<\/strong><\/span><br \/>\n3 \u00e4gg<br \/>\n3 dl vetemj\u00f6l<br \/>\n3 dl mj\u00f6lk<br \/>\n3 dl mj\u00f6l<br \/>\n3 dl vatten<br \/>\n50-100 g sm\u00e4lt sm\u00f6r<\/address>\n<address>\u00a0<\/address>\n<address>Blanda alla ingredienser till smeten r\u00f6r tills det inte finns n\u00e5gra klumpar. Stek p\u00e5 medelv\u00e4rme.<\/address>\n<address>\u00a0<\/address>\n<address>\u00a0<\/address>\n<address><strong><span style=\"text-decoration: underline;\">Fyllning till pannkakst\u00e5rtan<\/span><\/strong><br \/>\n3 dl vispad gr\u00e4dde blandat med<br \/>\n1 dl kolas\u00e5s (smaka av om ni vill ha mer eller mindre)<br \/>\nGlass<br \/>\n\u00c4ppelmos (kokade ihop n\u00e5gra \u00e4pplen fr\u00e5n tr\u00e4dg\u00e5rden med kanel och socker g\u00e5r i ett nafs)<br \/>\nStr\u00f6ssel<\/address>\n<address>B\u00f6rja med en pannkaka i botten sedan varvar ni med ingredienserna till fyllningen.\u00a0 Jag anv\u00e4nde bara 3 till denna f\u00f6r vi hade \u00e4tit mat innan. R\u00e4cker till 4-6 personer. Avsluta med en skopa glass i mitten och gr\u00e4dde. Ringla \u00f6ver lite kolas\u00e5s och str\u00f6ssel..<\/address>\n<address>\u00a0<\/address>\n<address><a href=\"http:\/\/xn--stasmulor-07a.se\/wp-content\/uploads\/2011\/08\/DSC04913.jpg\"><img loading=\"lazy\" class=\"alignleft size-large wp-image-266\" title=\"pannkakst\u00e5rta\" src=\"http:\/\/xn--stasmulor-07a.se\/wp-content\/uploads\/2011\/08\/DSC04913-1024x685.jpg\" alt=\"\" width=\"692\" height=\"462\" \/><\/a><\/address>\n","protected":false},"excerpt":{"rendered":"<p>Idag fyller min stora kille 6 \u00e5r tiden g\u00e5r s\u00e5 otroligt fort, jag e s\u00e5 glad att jag haft m\u00f6jligheten att vara hemma mycket under dagistiden med barnen, f\u00f6r sm\u00e5barns tiden kommer aldrig tillbaka. Nu har han blivit stora killen och b\u00f6rjat skolan nu KAN vi inte ha en slappedag \u2026<\/p>\n<p class=\"continue-reading-button\"> <a class=\"continue-reading-link\" href=\"https:\/\/mari.lamberth.se\/?p=264\">Continue reading<i class=\"crycon-right-dir\"><\/i><\/a><\/p>\n","protected":false},"author":1,"featured_media":0,"comment_status":"open","ping_status":"open","sticky":false,"template":"","format":"standard","meta":[],"categories":[8,1],"tags":[],"_links":{"self":[{"href":"https:\/\/mari.lamberth.se\/index.php?rest_route=\/wp\/v2\/posts\/264"}],"collection":[{"href":"https:\/\/mari.lamberth.se\/index.php?rest_route=\/wp\/v2\/posts"}],"about":[{"href":"https:\/\/mari.lamberth.se\/index.php?rest_route=\/wp\/v2\/types\/post"}],"author":[{"embeddable":true,"href":"https:\/\/mari.lamberth.se\/index.php?rest_route=\/wp\/v2\/users\/1"}],"replies":[{"embeddable":true,"href":"https:\/\/mari.lamberth.se\/index.php?rest_route=%2Fwp%2Fv2%2Fcomments&post=264"}],"version-history":[{"count":0,"href":"https:\/\/mari.lamberth.se\/index.php?rest_route=\/wp\/v2\/posts\/264\/revisions"}],"wp:attachment":[{"href":"https:\/\/mari.lamberth.se\/index.php?rest_route=%2Fwp%2Fv2%2Fmedia&parent=264"}],"wp:term":[{"taxonomy":"category","embeddable":true,"href":"https:\/\/mari.lamberth.se\/index.php?rest_route=%2Fwp%2Fv2%2Fcategories&post=264"},{"taxonomy":"post_tag","embeddable":true,"href":"https:\/\/mari.lamberth.se\/index.php?rest_route=%2Fwp%2Fv2%2Ftags&post=264"}],"curies":[{"name":"wp","href":"https:\/\/api.w.org\/{rel}","templated":true}]}}