{"id":282,"date":"2011-09-07T20:48:45","date_gmt":"2011-09-07T18:48:45","guid":{"rendered":"http:\/\/xn--stasmulor-07a.se\/?p=282"},"modified":"2011-09-07T20:48:45","modified_gmt":"2011-09-07T18:48:45","slug":"choklad-och-kokosrutor","status":"publish","type":"post","link":"https:\/\/mari.lamberth.se\/?p=282","title":{"rendered":"Choklad och kokosrutor"},"content":{"rendered":"<address>N\u00e4r jag s\u00e5g att Leila gjorde dessa smarriga kakor i hennes program Leila bakar i Frankrike s\u00e5 t\u00e4nkte jag, att detta m\u00e5ste jag g\u00f6ra f\u00f6r om man bakar lite, s\u00e5 har man alla ingredienserna hemma. V\u00e4ldigt l\u00e4tt att g\u00f6ra det man ska t\u00e4nka p\u00e5 \u00e4r att dem blir inte lika h\u00f6ga som p\u00e5 bilden om man g\u00f6r dem i en vanlig ugnspl\u00e5t f\u00f6r Leila hade en mindre pl\u00e5t och det st\u00e5r inte i receptet tyv\u00e4rr, men dem blir lika goda. Jag skulle l\u00e4gga upp en bild p\u00e5 mina meeeen dem var s\u00e5 goda att det hinndes inte att g\u00f6ra \ud83d\ude09 Det blir m\u00e5nga bitar och dem \u00e4r f\u00f6rsvinnande goda mer \u00e5t godis h\u00e5llet och jag lovar att dem \u00e4r inga dammsamlare i sk\u00e5pet. Dessa kan man frysa in ox\u00e5 om man vill ha lite fika n\u00e4r man f\u00e5r ov\u00e4ntat bes\u00f6k.<\/address>\n<address><strong><br \/>\nChokladkaka<br \/>\n<\/strong> 175 g mjukt sm\u00f6r<br \/>\n3 dl str\u00f6socker<br \/>\n1.5 dl kakao av god kvalitet<br \/>\n0.5 dl ljus sirap<br \/>\n1 nypa salt<br \/>\n3 st \u00e4gg, ekologiska<br \/>\n1.5 dl vetemj\u00f6l<br \/>\n<strong>Toscasmet<br \/>\n<\/strong> 75 g sm\u00f6r<br \/>\n1.5 dl ljus sirap<br \/>\n0.75 dl matlagningsgr\u00e4dde<br \/>\n3 dl str\u00f6socker<br \/>\n200 g kokosflingor<\/address>\n<div>\n<address>G\u00f6r s\u00e5 h\u00e4r<\/address>\n<address><strong>1.<\/strong> <strong>Chokladkaka<\/strong><br \/>\nS\u00e4tt ugnen p\u00e5 175 grader.<\/address>\n<address><strong>2.<\/strong> Vispa sm\u00f6r och str\u00f6socker vitt och kr\u00e4migt.<\/address>\n<address><strong>3.<\/strong> R\u00f6r ner kakao, sirap och salt.<\/address>\n<address><strong>4.<\/strong> R\u00f6r i ett \u00e4gg i taget och v\u00e4nd sist ner vetemj\u00f6let i smeten.<\/address>\n<address><strong>5.<\/strong> L\u00e4gg ett bakpl\u00e5tspapper i botten av en ugnspl\u00e5t med kant och fyll den med smeten.<\/address>\n<address><strong>6.<\/strong> Gr\u00e4dda kakan i mitten av ugnen i 30\u201335 minuter (i min ugn r\u00e4ckte det med 25 minuter). Prova med en sticka, stickan ska vara lite kladdig.<\/address>\n<address><strong>7.<\/strong> L\u00e5t kakan svalna.<\/address>\n<address><strong>8.<\/strong> <strong>Toscasmet<\/strong><br \/>\nSm\u00e4lt sm\u00f6r, sirap, matlagningsgr\u00e4dde och str\u00f6socker till i en kastrull och koka samman 5 minuter.<\/address>\n<address><strong>9.<\/strong> Tills\u00e4tt kokosflingor och l\u00e5t koka upp.<\/address>\n<address><strong>10.<\/strong> H\u00e4ll toscasmeten \u00f6ver kakan och gr\u00e4dda ytterligare 10 minuter.Jag hade den inne l\u00e4ngre \u00e4n s\u00e5 f\u00f6r efter 10 minuter e inte toscan kn\u00e4ckig och gyllene h\u00e5ll koll f\u00f6r det g\u00e5r fort n\u00e4r den v\u00e4l blir gyllene men jag hade den inne minst 20 minuter satte den tom p\u00e5 grill i slutet hade inte tid att v\u00e4nta&#8230; Njut denna underbara skapelse ljummen, kall, dagen efter, dagen efter d&#8230;..<\/address>\n<\/div>\n<p>&nbsp;<\/p>\n<p><a href=\"http:\/\/xn--stasmulor-07a.se\/wp-content\/uploads\/2011\/09\/24106139461.jpg\"><img loading=\"lazy\" class=\"alignleft size-full wp-image-283\" title=\"2410613946\" src=\"http:\/\/xn--stasmulor-07a.se\/wp-content\/uploads\/2011\/09\/24106139461.jpg\" alt=\"\" width=\"464\" height=\"348\" \/><\/a><\/p>\n<p>&nbsp;<\/p>\n<p>&nbsp;<\/p>\n<p>&nbsp;<\/p>\n<p>&nbsp;<\/p>\n<p>&nbsp;<\/p>\n<p>&nbsp;<\/p>\n<p>&nbsp;<\/p>\n<p>&nbsp;<\/p>\n<p>&nbsp;<\/p>\n<p>&nbsp;<\/p>\n<p>&nbsp;<\/p>\n<p>&nbsp;<\/p>\n<p>K\u00e4lla: Foto, recept taget fr\u00e5n Leila bakar i Frankrike<\/p>\n","protected":false},"excerpt":{"rendered":"<p>N\u00e4r jag s\u00e5g att Leila gjorde dessa smarriga kakor i hennes program Leila bakar i Frankrike s\u00e5 t\u00e4nkte jag, att detta m\u00e5ste jag g\u00f6ra f\u00f6r om man bakar lite, s\u00e5 har man alla ingredienserna hemma. V\u00e4ldigt l\u00e4tt att g\u00f6ra det man ska t\u00e4nka p\u00e5 \u00e4r att dem blir inte lika \u2026<\/p>\n<p class=\"continue-reading-button\"> <a class=\"continue-reading-link\" href=\"https:\/\/mari.lamberth.se\/?p=282\">Continue reading<i class=\"crycon-right-dir\"><\/i><\/a><\/p>\n","protected":false},"author":1,"featured_media":0,"comment_status":"open","ping_status":"open","sticky":false,"template":"","format":"standard","meta":[],"categories":[20],"tags":[],"_links":{"self":[{"href":"https:\/\/mari.lamberth.se\/index.php?rest_route=\/wp\/v2\/posts\/282"}],"collection":[{"href":"https:\/\/mari.lamberth.se\/index.php?rest_route=\/wp\/v2\/posts"}],"about":[{"href":"https:\/\/mari.lamberth.se\/index.php?rest_route=\/wp\/v2\/types\/post"}],"author":[{"embeddable":true,"href":"https:\/\/mari.lamberth.se\/index.php?rest_route=\/wp\/v2\/users\/1"}],"replies":[{"embeddable":true,"href":"https:\/\/mari.lamberth.se\/index.php?rest_route=%2Fwp%2Fv2%2Fcomments&post=282"}],"version-history":[{"count":0,"href":"https:\/\/mari.lamberth.se\/index.php?rest_route=\/wp\/v2\/posts\/282\/revisions"}],"wp:attachment":[{"href":"https:\/\/mari.lamberth.se\/index.php?rest_route=%2Fwp%2Fv2%2Fmedia&parent=282"}],"wp:term":[{"taxonomy":"category","embeddable":true,"href":"https:\/\/mari.lamberth.se\/index.php?rest_route=%2Fwp%2Fv2%2Fcategories&post=282"},{"taxonomy":"post_tag","embeddable":true,"href":"https:\/\/mari.lamberth.se\/index.php?rest_route=%2Fwp%2Fv2%2Ftags&post=282"}],"curies":[{"name":"wp","href":"https:\/\/api.w.org\/{rel}","templated":true}]}}