{"id":299,"date":"2011-09-15T22:04:11","date_gmt":"2011-09-15T20:04:11","guid":{"rendered":"http:\/\/xn--stasmulor-07a.se\/?p=299"},"modified":"2011-09-15T22:04:11","modified_gmt":"2011-09-15T20:04:11","slug":"underbart-harlig-chokladtarta","status":"publish","type":"post","link":"https:\/\/mari.lamberth.se\/?p=299","title":{"rendered":"Underbart h\u00e4rlig chokladt\u00e5rta"},"content":{"rendered":"<address>Ig\u00e5r kv\u00e4ll hade jag ett g\u00e4ng h\u00e4rliga tjejer h\u00e4r, hade ett litet inredningsparty zelected by house. Mkt fina saker men ox\u00e5 lite god fika. Man ska ju inte tro att n\u00e4r man kommer till mig att det blir n\u00e5gon nyttofika n\u00e4 icke s\u00e5 nicke. H\u00e4r k\u00f6r vi p\u00e5 h\u00e5lla skinnet str\u00e4ckt varianten.. Fast b\u00f6rjar k\u00e4nna att mina byxor b\u00f6rja sitta lite tight s\u00e5 jag f\u00e5r kanske kolla p\u00e5 lite nyttofika ialla fall. Men man f\u00e5r inte gl\u00f6mma att njuta av livet och av det goda f\u00f6r det f\u00f6rgyller tillvaron s\u00e5, s\u00e5 vad g\u00f6r lite volanger h\u00e4r och d\u00e4r&#8230; Denna chokladt\u00e5rtan g\u00e5r ganska snabbt att g\u00f6ra men m\u00e5r b\u00e4st om den f\u00e5r sova i kylen \u00f6ver natten och stabba till sig ordentligt.Sj\u00e4lva grunden botten d\u00e5 \u00e4r h\u00e4mtad fr\u00e5n Icas hemsida det var min sv\u00e4rmor som f\u00f6rst provade den och jag blev s\u00e5ld, fantastiskt och underbart god. Jag gjorde min variant med mint, cholkad och p\u00e4ron f\u00f6r den kombon en s\u00e5 smarrig. Jag gjorde 2 och la ihop som en t\u00e5rta&#8230; Fyllning ser ni nedan..<\/address>\n<address>\u00a0 <\/address>\n<address>\u00a0<\/address>\n<address><strong><span style=\"text-decoration: underline;\">Chokladkaka<\/span><\/strong><\/address>\n<address>300 g sm\u00f6r<br \/>\n300 g m\u00f6rk choklad jag tog fazer block m\u00f6rk blev riktigt gott<br \/>\n6 \u00e4gg<br \/>\n3 dl socker<br \/>\n3 1\/2 dl vetemj\u00f6l<br \/>\n1 1\/2 krm salt<br \/>\nN\u00e5gra droppar mintolja (om man vill)<\/address>\n<address><span style=\"text-decoration: underline;\"><strong>Fyllning:<\/strong><\/span><br \/>\nEtt litet paket after eight<br \/>\n1 stor burk men inlagda p\u00e4ron<\/address>\n<address><span style=\"text-decoration: underline;\"><strong>Frosting:<\/strong><\/span><br \/>\n3 dl vispgr\u00e4dde<br \/>\n1 dl kakao<br \/>\n1 dl socker<\/address>\n<address>\u00a0<\/address>\n<address>G\u00f6r s\u00e5 h\u00e4r:<\/address>\n<address>\u00a0<\/address>\n<address>S\u00e4tt ugnen p\u00e5 200 grader. Sm\u00f6rj en form en springform med l\u00f6stagbar kant. eller l\u00e4gg i ett bakpl\u00e5tspapper.<br \/>\nKaka: Sm\u00e4lt matfettet i en kastrull p\u00e5 l\u00e5g v\u00e4rme. Bryt chokladen i mindre bitar, l\u00e4gg ner den i matfettet och l\u00e5t den sm\u00e4lta. R\u00f6r om och l\u00e5t svalna.<br \/>\nVispa upp \u00e4ggen med sockret. R\u00f6r ner chokladsmeten. Blanda mj\u00f6l och slat och r\u00f6r ner till en j\u00e4mn smet. H\u00e4ll smeten i formen.<br \/>\nGr\u00e4dda kakan i nedre delen av ugnen i ca 10 minuter (h\u00e5ll koll f\u00f6r jag hade min inne i 15 minuter och blev lite v\u00e4l kladddig, alla ugnar e olika ska vara lite kladdig men inte l\u00f6s) Den s\u00e4tter sig n\u00e4r den f\u00e5tt st\u00e5 i kylen \u00f6ver natten eller n\u00e5gra timmar mitt p\u00e5 dagen..<br \/>\nL\u00e4gg kakan p\u00e5 ett uppl\u00e4ggningsfat. <strong>Jag gjorde 2 bottnar till denna.<\/strong><\/address>\n<address>N\u00e4r du f\u00e5tt ut f\u00f6rta botten ur ugnen s\u00e5 l\u00e4gger du p\u00e5 alla mintplattorna s\u00e5 de t\u00e4cker. N\u00e4r det \u00e4r dags att l\u00e4gga p\u00e5 p\u00e4ronen s\u00e5 ska kakan vara sval eller kall. Sedan l\u00e4gger du p\u00e5 andra botten ovanp\u00e5. T\u00e4cker med frostingen.<\/address>\n<address><span style=\"color: #ff00ff;\"><strong>Frostingen<\/strong><\/span>: st\u00e4ll in socker, kakao och gr\u00e4dde i en sk\u00e5l i kylen l\u00e5t st\u00e5 i 30 minuter. Vispa den sedan tills det bildar h\u00e4rliga toppar av choklad. <strong><\/strong>T\u00e4ck t\u00e5rtan. Pynta med div h\u00e4rligt. Jag gjorde l\u00f6v av sugar paste f\u00e4rgade in i 3 f\u00e4rger gr\u00f6n, gul och brun. Gjorde sm\u00e5 l\u00f6v av verktyg fr\u00e5n Ina p\u00e5 dreamcakes.se. Sedan penslade jag dem med orange pulver f\u00e4rg d\u00e5 fick dem h\u00e4rlig h\u00f6stf\u00e4rg. Och s\u00e5 lite guldglitter p\u00e5 d&#8230; Njut<\/address>\n<p><a href=\"http:\/\/xn--stasmulor-07a.se\/wp-content\/uploads\/2011\/09\/20110914661.jpg\"><img loading=\"lazy\" class=\"alignleft size-large wp-image-300\" title=\"choklad\" src=\"http:\/\/xn--stasmulor-07a.se\/wp-content\/uploads\/2011\/09\/20110914661-1024x684.jpg\" alt=\"\" width=\"692\" height=\"462\" \/><\/a><\/p>\n<p>&nbsp;<\/p>\n","protected":false},"excerpt":{"rendered":"<p>Ig\u00e5r kv\u00e4ll hade jag ett g\u00e4ng h\u00e4rliga tjejer h\u00e4r, hade ett litet inredningsparty zelected by house. Mkt fina saker men ox\u00e5 lite god fika. Man ska ju inte tro att n\u00e4r man kommer till mig att det blir n\u00e5gon nyttofika n\u00e4 icke s\u00e5 nicke. H\u00e4r k\u00f6r vi p\u00e5 h\u00e5lla skinnet \u2026<\/p>\n<p class=\"continue-reading-button\"> <a class=\"continue-reading-link\" href=\"https:\/\/mari.lamberth.se\/?p=299\">Continue reading<i class=\"crycon-right-dir\"><\/i><\/a><\/p>\n","protected":false},"author":1,"featured_media":0,"comment_status":"open","ping_status":"open","sticky":false,"template":"","format":"standard","meta":[],"categories":[8],"tags":[],"_links":{"self":[{"href":"https:\/\/mari.lamberth.se\/index.php?rest_route=\/wp\/v2\/posts\/299"}],"collection":[{"href":"https:\/\/mari.lamberth.se\/index.php?rest_route=\/wp\/v2\/posts"}],"about":[{"href":"https:\/\/mari.lamberth.se\/index.php?rest_route=\/wp\/v2\/types\/post"}],"author":[{"embeddable":true,"href":"https:\/\/mari.lamberth.se\/index.php?rest_route=\/wp\/v2\/users\/1"}],"replies":[{"embeddable":true,"href":"https:\/\/mari.lamberth.se\/index.php?rest_route=%2Fwp%2Fv2%2Fcomments&post=299"}],"version-history":[{"count":0,"href":"https:\/\/mari.lamberth.se\/index.php?rest_route=\/wp\/v2\/posts\/299\/revisions"}],"wp:attachment":[{"href":"https:\/\/mari.lamberth.se\/index.php?rest_route=%2Fwp%2Fv2%2Fmedia&parent=299"}],"wp:term":[{"taxonomy":"category","embeddable":true,"href":"https:\/\/mari.lamberth.se\/index.php?rest_route=%2Fwp%2Fv2%2Fcategories&post=299"},{"taxonomy":"post_tag","embeddable":true,"href":"https:\/\/mari.lamberth.se\/index.php?rest_route=%2Fwp%2Fv2%2Ftags&post=299"}],"curies":[{"name":"wp","href":"https:\/\/api.w.org\/{rel}","templated":true}]}}