{"id":502,"date":"2011-11-25T10:27:51","date_gmt":"2011-11-25T08:27:51","guid":{"rendered":"http:\/\/xn--stasmulor-07a.se\/?p=502"},"modified":"2011-11-25T10:27:51","modified_gmt":"2011-11-25T08:27:51","slug":"langtan-till-julen-da-vi-alla-samlas-men-fattas-en","status":"publish","type":"post","link":"https:\/\/mari.lamberth.se\/?p=502","title":{"rendered":"L\u00e4ngtan till julen d\u00e5 vi alla samlas men fattas en&#8230;"},"content":{"rendered":"<address>H\u00e4r kommer lite bilder fr\u00e5n oss fr\u00e5n f\u00f6rra julen som speglas av b\u00e5de lycka och sorg&#8230;. F\u00f6rra julen var v\u00e4ldigt tung d\u00e5 min bror och hans barn f\u00f6rlorade en fru och en mamma. Visste v\u00e4l att det skulle blir tufft att f\u00f6rlora n\u00e5gon men inte s\u00e5 tufft, hon var en famljemedlem som saknas v\u00e4ldigt mkt speciellt n\u00e4r vi samlas alla vid f\u00f6delsedagar och andra familjeh\u00f6gtider&#8230;.<\/address>\n<address>\u00a0<\/address>\n<address>Hon k\u00e4mpade h\u00e5rt f\u00f6r sitt liv har nog aldrig sett en m\u00e4nniska med s\u00e5 mkt vilja att leva o andra sidan har jag aldrig sett en m\u00e4nniska p\u00e5 s\u00e5 n\u00e4ra h\u00e5ll k\u00e4mpa med cancer.. Kan bara f\u00f6rest\u00e4lla mig hur det \u00e4r f\u00f6r min bror och hans barn att f\u00f6rs\u00f6ka leva vidare utan henne, inte f\u00f6r att man vill men man m\u00e5ste.. Jag kommer alltid att b\u00e4ra med mig alla t\u00e5rar som man sett n\u00e4ra familjemedlemmar f\u00e4lla.. S\u00e5 otroligt jobbigt.. N\u00e4r min bror ligger och h\u00e5ller om sin fru n\u00e4r hon k\u00e4mpar f\u00f6r sitt liv i deras gemensamma s\u00e4ng. Barnen som gick in ibland och tittade till sin mamma.. N\u00e4r \u00c5se n\u00e4stan sover och hennes yngsta son kommer in och \u00c5se f\u00e5r h\u00f6ra att han st\u00e5r d\u00e4r s\u00e5 tittar hon upp och s\u00e4ger att det e ingen fara Philip&#8230; D\u00e5 trillar t\u00e5rarna.. Eller n\u00e4r min mamma ligger i s\u00e4ngen n\u00e4ra sin sv\u00e4rdotter och klappar henne p\u00e5 kinder och ber henne att somna in och sl\u00e4ppa taget, n\u00e4r vi b\u00f6rjar h\u00f6ra p\u00e5 andetagen att det b\u00f6rjar ta slut.. N\u00e4r hon tog varje andetag med en s\u00e5n otrolig fight.. Ibland tittade hon upp och var klar i huvudet, d\u00e5 k\u00e4ndes det jobbigt att vi var m\u00e5nga som stod runt henne, hon f\u00f6rstod att\u00a0 det var n\u00e4ra.. Men blicken ville leva, hon sa inget om att d\u00f6&#8230;<\/address>\n<address>\u00a0<\/address>\n<address>Jag e s\u00e5 glad bara att vi var d\u00e4r alla s\u00e5 mkt som vi var under julen, f\u00f6r p\u00e5 annandagen tidig morgon kom telefonsamtalet som jag hoppades att f\u00e5 slippa och att ett mirakel hade skett.. \u00c5se hade somnat in tidigt p\u00e5 morgonen&#8230;. Tystnaden var fruktansv\u00e4rd n\u00e4r jag kom dit.. Palliativa teamet var d\u00e4r och gjorde henne s\u00e5 fin&#8230; Sen b\u00f6rjade sorgarbetet.. M\u00e5nga tankar har det g\u00e5tt varje dag till \u00c5se, jag f\u00f6rs\u00f6ker ta tillvara p\u00e5 livet varje dag f\u00f6r man vet aldrig n\u00e4r det tar slut.. Har slutat gn\u00e4lla om sm\u00e5saker och blev s\u00e5 arg i b\u00f6rjan n\u00e4r folk gn\u00e4llde om sina f\u00f6rkylningar, och att d hade ont n\u00e5gonstans. Jag ville bara skrika \u00e5t den och s\u00e4ga att jag vet en som s\u00e4kert g\u00e4rna hade tagit era f\u00f6rkylningar och div i st\u00e4llet f\u00f6r att d\u00f6&#8230;.\u00a0\u00a0 T\u00e5rarna trillar fortfarande\u00a0ibland\u00a0och\u00a0hon finns i alla fall i mina tankar varje dag, hoppas du har det bra i himmlen eller var du nu\u00a0\u00e4r&#8230;.\u00a0 Hilda s\u00e4ger ox\u00e5 hej pratar mkt om dig, hon har l\u00e4rt sig att skriva ditt namn och hon kan inte skriva sitt eget \u00e4nnu&#8230;. Vi ses n\u00e5gon g\u00e5ng&#8230; \u2665<\/address>\n<p><a href=\"http:\/\/xn--stasmulor-07a.se\/wp-content\/uploads\/2011\/11\/DSC01048.jpg\"><img loading=\"lazy\" class=\"alignleft size-large wp-image-503\" title=\"litejul1\" src=\"http:\/\/xn--stasmulor-07a.se\/wp-content\/uploads\/2011\/11\/DSC01048-1024x685.jpg\" alt=\"\" width=\"692\" height=\"462\" \/><\/a><\/p>\n<p>&nbsp;<\/p>\n<p><a href=\"http:\/\/xn--stasmulor-07a.se\/wp-content\/uploads\/2011\/11\/DSC01059.jpg\"><img loading=\"lazy\" class=\"alignleft size-large wp-image-504\" title=\"julmys2\" src=\"http:\/\/xn--stasmulor-07a.se\/wp-content\/uploads\/2011\/11\/DSC01059-1024x685.jpg\" alt=\"\" width=\"692\" height=\"462\" \/><\/a><\/p>\n<p><a href=\"http:\/\/xn--stasmulor-07a.se\/wp-content\/uploads\/2011\/11\/DSC01062.jpg\"><img loading=\"lazy\" class=\"alignleft size-large wp-image-505\" title=\"SONY DSC\" src=\"http:\/\/xn--stasmulor-07a.se\/wp-content\/uploads\/2011\/11\/DSC01062-1024x685.jpg\" alt=\"\" width=\"692\" height=\"462\" \/><\/a><\/p>\n<p><a href=\"http:\/\/xn--stasmulor-07a.se\/wp-content\/uploads\/2011\/11\/DSC01066.jpg\"><img loading=\"lazy\" class=\"alignleft size-large wp-image-506\" title=\"SONY DSC\" src=\"http:\/\/xn--stasmulor-07a.se\/wp-content\/uploads\/2011\/11\/DSC01066-1024x685.jpg\" alt=\"\" width=\"692\" height=\"462\" \/><\/a><\/p>\n<p>&nbsp;<\/p>\n<p>&nbsp;<\/p>\n<p><a href=\"http:\/\/xn--stasmulor-07a.se\/wp-content\/uploads\/2011\/11\/DSC01094.jpg\"><img loading=\"lazy\" class=\"alignleft size-large wp-image-507\" title=\"SONY DSC\" src=\"http:\/\/xn--stasmulor-07a.se\/wp-content\/uploads\/2011\/11\/DSC01094-1024x685.jpg\" alt=\"\" width=\"692\" height=\"462\" \/><\/a><\/p>\n<p><a href=\"http:\/\/xn--stasmulor-07a.se\/wp-content\/uploads\/2011\/11\/DSC04839.jpg\"><img loading=\"lazy\" class=\"alignleft size-medium wp-image-508\" title=\"\u00e5se\" src=\"http:\/\/xn--stasmulor-07a.se\/wp-content\/uploads\/2011\/11\/DSC04839-300x200.jpg\" alt=\"\" width=\"300\" height=\"200\" \/><\/a><\/p>\n<p>&nbsp;<\/p>\n<p>&nbsp;<\/p>\n<p>&nbsp;<\/p>\n<p>&nbsp;<\/p>\n<p>&nbsp;<\/p>\n<p>&nbsp;<\/p>\n<p><a href=\"http:\/\/xn--stasmulor-07a.se\/wp-content\/uploads\/2011\/11\/\u00c5se.jpg\"><img loading=\"lazy\" class=\"alignleft size-medium wp-image-509\" title=\"\u00c5se\" src=\"http:\/\/xn--stasmulor-07a.se\/wp-content\/uploads\/2011\/11\/\u00c5se-199x300.jpg\" alt=\"\" width=\"199\" height=\"300\" \/><\/a><\/p>\n<p>&nbsp;<\/p>\n<p>&nbsp;<\/p>\n<p>&nbsp;<\/p>\n<p>&nbsp;<\/p>\n<p>&nbsp;<\/p>\n<p>&nbsp;<\/p>\n<p>&nbsp;<\/p>\n<p>&nbsp;<\/p>\n<address>\u00a0<\/address>\n<address>V\u00e5r lilla tomte julen 2010.<\/address>\n<p>&nbsp;<\/p>\n","protected":false},"excerpt":{"rendered":"<p>H\u00e4r kommer lite bilder fr\u00e5n oss fr\u00e5n f\u00f6rra julen som speglas av b\u00e5de lycka och sorg&#8230;. F\u00f6rra julen var v\u00e4ldigt tung d\u00e5 min bror och hans barn f\u00f6rlorade en fru och en mamma. Visste v\u00e4l att det skulle blir tufft att f\u00f6rlora n\u00e5gon men inte s\u00e5 tufft, hon var en \u2026<\/p>\n<p class=\"continue-reading-button\"> <a class=\"continue-reading-link\" href=\"https:\/\/mari.lamberth.se\/?p=502\">Continue reading<i class=\"crycon-right-dir\"><\/i><\/a><\/p>\n","protected":false},"author":1,"featured_media":0,"comment_status":"open","ping_status":"open","sticky":false,"template":"","format":"standard","meta":[],"categories":[1],"tags":[],"_links":{"self":[{"href":"https:\/\/mari.lamberth.se\/index.php?rest_route=\/wp\/v2\/posts\/502"}],"collection":[{"href":"https:\/\/mari.lamberth.se\/index.php?rest_route=\/wp\/v2\/posts"}],"about":[{"href":"https:\/\/mari.lamberth.se\/index.php?rest_route=\/wp\/v2\/types\/post"}],"author":[{"embeddable":true,"href":"https:\/\/mari.lamberth.se\/index.php?rest_route=\/wp\/v2\/users\/1"}],"replies":[{"embeddable":true,"href":"https:\/\/mari.lamberth.se\/index.php?rest_route=%2Fwp%2Fv2%2Fcomments&post=502"}],"version-history":[{"count":0,"href":"https:\/\/mari.lamberth.se\/index.php?rest_route=\/wp\/v2\/posts\/502\/revisions"}],"wp:attachment":[{"href":"https:\/\/mari.lamberth.se\/index.php?rest_route=%2Fwp%2Fv2%2Fmedia&parent=502"}],"wp:term":[{"taxonomy":"category","embeddable":true,"href":"https:\/\/mari.lamberth.se\/index.php?rest_route=%2Fwp%2Fv2%2Fcategories&post=502"},{"taxonomy":"post_tag","embeddable":true,"href":"https:\/\/mari.lamberth.se\/index.php?rest_route=%2Fwp%2Fv2%2Ftags&post=502"}],"curies":[{"name":"wp","href":"https:\/\/api.w.org\/{rel}","templated":true}]}}