{"id":520,"date":"2011-12-05T23:43:45","date_gmt":"2011-12-05T21:43:45","guid":{"rendered":"http:\/\/xn--stasmulor-07a.se\/?p=520"},"modified":"2011-12-05T23:43:45","modified_gmt":"2011-12-05T21:43:45","slug":"mandags-dessert-kramig-citruspaj-med-apelsinkompott","status":"publish","type":"post","link":"https:\/\/mari.lamberth.se\/?p=520","title":{"rendered":"M\u00e5ndags dessert, kr\u00e4mig citruspaj med apelsinkompott"},"content":{"rendered":"<address>K\u00e4nde f\u00f6r att baka n\u00e5got syrligt, gott och kom p\u00e5 att jag sett ett recept i Allt om mat min favo tidning. Pajen blev riktigt god och en perfekt avslutning p\u00e5 kv\u00e4llsmaten som bestod av\u00a0 korvgryta som var riktigt mumsig. Det \u00e4r lite olika moment att g\u00f6ra men det \u00e4r den v\u00e4l v\u00e4rd. Bjud p\u00e5 gl\u00f6ggfikat, dessert el bara lyxa till vardagen lite. H\u00e4r kommer bild, \u00e4r det n\u00e5gon som vill ha recept s\u00e5 mejla mig g\u00e4rna.. Eller s\u00e5 kilar ni iv\u00e4g och k\u00f6per det senaste numret av Allt Om Mat fanns mycket gott som \u00e4r anv\u00e4ndbart nu i h\u00e4rliga juletider.<\/address>\n<p><a href=\"http:\/\/xn--stasmulor-07a.se\/wp-content\/uploads\/2011\/12\/DSC05964.jpg\"><img loading=\"lazy\" class=\"alignleft size-medium wp-image-521\" title=\"kr\u00e4mig citruspaj\" src=\"http:\/\/xn--stasmulor-07a.se\/wp-content\/uploads\/2011\/12\/DSC05964-300x200.jpg\" alt=\"\" width=\"300\" height=\"200\" \/><\/a><\/p>\n<p>&nbsp;<\/p>\n<p>&nbsp;<\/p>\n<p>&nbsp;<\/p>\n<p>&nbsp;<\/p>\n<p>&nbsp;<\/p>\n<p>&nbsp;<\/p>\n<p>&nbsp;<\/p>\n<p><a href=\"http:\/\/xn--stasmulor-07a.se\/wp-content\/uploads\/2011\/12\/DSC05973.jpg\"><img loading=\"lazy\" class=\"alignleft size-medium wp-image-522\" title=\"SONY DSC\" src=\"http:\/\/xn--stasmulor-07a.se\/wp-content\/uploads\/2011\/12\/DSC05973-300x200.jpg\" alt=\"\" width=\"300\" height=\"200\" \/><\/a><\/p>\n<p>&nbsp;<\/p>\n<p>&nbsp;<\/p>\n<p>&nbsp;<\/p>\n<p>&nbsp;<\/p>\n<p>&nbsp;<\/p>\n<p>&nbsp;<\/p>\n<p>&nbsp;<\/p>\n<p>&nbsp;<\/p>\n","protected":false},"excerpt":{"rendered":"<p>K\u00e4nde f\u00f6r att baka n\u00e5got syrligt, gott och kom p\u00e5 att jag sett ett recept i Allt om mat min favo tidning. Pajen blev riktigt god och en perfekt avslutning p\u00e5 kv\u00e4llsmaten som bestod av\u00a0 korvgryta som var riktigt mumsig. Det \u00e4r lite olika moment att g\u00f6ra men det \u00e4r \u2026<\/p>\n<p class=\"continue-reading-button\"> <a class=\"continue-reading-link\" href=\"https:\/\/mari.lamberth.se\/?p=520\">Continue reading<i class=\"crycon-right-dir\"><\/i><\/a><\/p>\n","protected":false},"author":1,"featured_media":0,"comment_status":"open","ping_status":"open","sticky":false,"template":"","format":"standard","meta":[],"categories":[10,18,8],"tags":[],"_links":{"self":[{"href":"https:\/\/mari.lamberth.se\/index.php?rest_route=\/wp\/v2\/posts\/520"}],"collection":[{"href":"https:\/\/mari.lamberth.se\/index.php?rest_route=\/wp\/v2\/posts"}],"about":[{"href":"https:\/\/mari.lamberth.se\/index.php?rest_route=\/wp\/v2\/types\/post"}],"author":[{"embeddable":true,"href":"https:\/\/mari.lamberth.se\/index.php?rest_route=\/wp\/v2\/users\/1"}],"replies":[{"embeddable":true,"href":"https:\/\/mari.lamberth.se\/index.php?rest_route=%2Fwp%2Fv2%2Fcomments&post=520"}],"version-history":[{"count":0,"href":"https:\/\/mari.lamberth.se\/index.php?rest_route=\/wp\/v2\/posts\/520\/revisions"}],"wp:attachment":[{"href":"https:\/\/mari.lamberth.se\/index.php?rest_route=%2Fwp%2Fv2%2Fmedia&parent=520"}],"wp:term":[{"taxonomy":"category","embeddable":true,"href":"https:\/\/mari.lamberth.se\/index.php?rest_route=%2Fwp%2Fv2%2Fcategories&post=520"},{"taxonomy":"post_tag","embeddable":true,"href":"https:\/\/mari.lamberth.se\/index.php?rest_route=%2Fwp%2Fv2%2Ftags&post=520"}],"curies":[{"name":"wp","href":"https:\/\/api.w.org\/{rel}","templated":true}]}}