{"id":622,"date":"2012-02-07T09:40:18","date_gmt":"2012-02-07T07:40:18","guid":{"rendered":"http:\/\/xn--stasmulor-07a.se\/?p=622"},"modified":"2012-02-07T09:40:18","modified_gmt":"2012-02-07T07:40:18","slug":"en-liten-glimt-av-vart-sovrum","status":"publish","type":"post","link":"https:\/\/mari.lamberth.se\/?p=622","title":{"rendered":"Ny s\u00e4nggavel"},"content":{"rendered":"<address>Min man har l\u00e4nge klagat p\u00e5 att han inte f\u00e5r plats i s\u00e4ngen, vi k\u00f6pte en j\u00e4ttefin s\u00e4nggavel f\u00f6r ett par \u00e5r sedan i ek som hade ganska h\u00f6g gavel b\u00e5de vid huvud- och fot\u00e4ndan den m\u00e5lade vi vit. Nu \u00e4r det s\u00e5 h\u00e4r att M \u00e4r ca 1,90 m l\u00e5ng och n\u00e4r han skulle str\u00e4cka ut sig s\u00e5 l\u00e5g han som i ett skruvst\u00e4d tyckte han. Kan f\u00f6rst\u00e5 att det inte var s\u00e4rskilt sk\u00f6nt att sova i ett skruvst\u00e4d. Varje g\u00e5ng vi var borta sov p\u00e5 hotell eller dyl och han kunde str\u00e4cka ut fossingarna s\u00e5 t\u00e4nkte vi att nu m\u00e5ste vi fixa en ny gavel. Det tog sin lilla tid, ibland \u00e4r det l\u00e5ng v\u00e4g mellan en tanke och att g\u00f6ra..\u00a0 M sv\u00e4ngde ihop den p\u00e5 ett par timmar om ens det. M\u00e5lade den och satte upp allt p\u00e5 en helg n\u00e4r jag jobbade. Jag hade ritat upp en bild i Ms huvud hur jag ville att den skulle se ut, och den blev precis som vi t\u00e4nkte. N\u00e4r vi tog bort den gamla s\u00e5 blev rummet helt pl\u00f6tsligt st\u00f6rre och s\u00e4ngen k\u00e4ndes mindre.. Vi fick liksom lite mer plats. Kan s\u00e4ga att mannen str\u00e4ckte sig l\u00e5\u00e5\u00e5ng den natten \ud83d\ude42<\/address>\n<address>\u00a0<a href=\"http:\/\/xn--stasmulor-07a.se\/wp-content\/uploads\/2012\/02\/IMG_05681.jpg\"><img loading=\"lazy\" class=\"alignleft size-large wp-image-627\" title=\"sovrum\" src=\"http:\/\/xn--stasmulor-07a.se\/wp-content\/uploads\/2012\/02\/IMG_05681-1024x768.jpg\" alt=\"\" width=\"692\" height=\"519\" \/><\/a><\/address>\n<address>\u00a0<\/address>\n<address>\u00a0<\/address>\n<address>\u00a0<\/address>\n<address>\u00a0<\/address>\n<address><a href=\"http:\/\/xn--stasmulor-07a.se\/wp-content\/uploads\/2012\/02\/IMG_05081.jpg\"><img loading=\"lazy\" class=\"alignleft size-large wp-image-623\" title=\"s\u00e4nggavel\" src=\"http:\/\/xn--stasmulor-07a.se\/wp-content\/uploads\/2012\/02\/IMG_05081-1024x768.jpg\" alt=\"\" width=\"692\" height=\"519\" \/><\/a><\/address>\n<address>\u00a0<\/address>\n<address>\u00a0D\u00e4r \u00e4r en kille till som uppskattade det nya&#8230; i alla fall filten<\/address>\n<address>\u00a0<\/address>\n","protected":false},"excerpt":{"rendered":"<p>Min man har l\u00e4nge klagat p\u00e5 att han inte f\u00e5r plats i s\u00e4ngen, vi k\u00f6pte en j\u00e4ttefin s\u00e4nggavel f\u00f6r ett par \u00e5r sedan i ek som hade ganska h\u00f6g gavel b\u00e5de vid huvud- och fot\u00e4ndan den m\u00e5lade vi vit. Nu \u00e4r det s\u00e5 h\u00e4r att M \u00e4r ca 1,90 m \u2026<\/p>\n<p class=\"continue-reading-button\"> <a class=\"continue-reading-link\" href=\"https:\/\/mari.lamberth.se\/?p=622\">Continue reading<i class=\"crycon-right-dir\"><\/i><\/a><\/p>\n","protected":false},"author":1,"featured_media":0,"comment_status":"open","ping_status":"open","sticky":false,"template":"","format":"standard","meta":[],"categories":[24],"tags":[],"_links":{"self":[{"href":"https:\/\/mari.lamberth.se\/index.php?rest_route=\/wp\/v2\/posts\/622"}],"collection":[{"href":"https:\/\/mari.lamberth.se\/index.php?rest_route=\/wp\/v2\/posts"}],"about":[{"href":"https:\/\/mari.lamberth.se\/index.php?rest_route=\/wp\/v2\/types\/post"}],"author":[{"embeddable":true,"href":"https:\/\/mari.lamberth.se\/index.php?rest_route=\/wp\/v2\/users\/1"}],"replies":[{"embeddable":true,"href":"https:\/\/mari.lamberth.se\/index.php?rest_route=%2Fwp%2Fv2%2Fcomments&post=622"}],"version-history":[{"count":0,"href":"https:\/\/mari.lamberth.se\/index.php?rest_route=\/wp\/v2\/posts\/622\/revisions"}],"wp:attachment":[{"href":"https:\/\/mari.lamberth.se\/index.php?rest_route=%2Fwp%2Fv2%2Fmedia&parent=622"}],"wp:term":[{"taxonomy":"category","embeddable":true,"href":"https:\/\/mari.lamberth.se\/index.php?rest_route=%2Fwp%2Fv2%2Fcategories&post=622"},{"taxonomy":"post_tag","embeddable":true,"href":"https:\/\/mari.lamberth.se\/index.php?rest_route=%2Fwp%2Fv2%2Ftags&post=622"}],"curies":[{"name":"wp","href":"https:\/\/api.w.org\/{rel}","templated":true}]}}