{"id":674,"date":"2012-03-08T17:51:04","date_gmt":"2012-03-08T15:51:04","guid":{"rendered":"http:\/\/xn--stasmulor-07a.se\/?p=674"},"modified":"2012-03-08T17:51:04","modified_gmt":"2012-03-08T15:51:04","slug":"svensk-gurka-is-back","status":"publish","type":"post","link":"https:\/\/mari.lamberth.se\/?p=674","title":{"rendered":"Svensk gurka is back!"},"content":{"rendered":"<address>Medan jag och lill loppan v\u00e4ntade p\u00e5 att Hugo skulle komma fr\u00e5n ishallen med fritids s\u00e5 passade vi p\u00e5 att k\u00f6ra ut till Varal\u00f6vs g\u00e5rdsbutik och k\u00f6pte p\u00e4ror.. Hilda somnade i bilen s\u00e5 jag sm\u00f6g in lite snabbt sj\u00e4lv det blev potatis, \u00e4gg fr\u00e5n frig\u00e5ende uteh\u00f6ns och SVENSK gurka odlad p\u00e5 g\u00e5rden vid sidan om. Ni som inte varit i g\u00e5rdsbutiken i Varal\u00f6v tycker jag kan ta en tur ut dit finns mkt att k\u00f6pa. Dels deras potatis finns m\u00e5nga sorter, rotfrukter, \u00e4gg, frukt, hemgjord ketchup, marmelader, champinjoner odlade i \u00c4ngelholm, m.m. Sortimentet \u00e4r st\u00f6rre under sommaren men helt klart v\u00e4rt ett bes\u00f6k \u00e4ven nu!<\/address>\n<address><a href=\"http:\/\/xn--stasmulor-07a.se\/wp-content\/uploads\/2012\/03\/IMG_08181.jpg\"><img loading=\"lazy\" class=\"alignleft size-large wp-image-676\" title=\"varal\u00f6v\" src=\"http:\/\/xn--stasmulor-07a.se\/wp-content\/uploads\/2012\/03\/IMG_08181-1024x768.jpg\" alt=\"\" width=\"692\" height=\"519\" \/><\/a><\/address>\n<address>\u00a0<\/address>\n<address>\u00a0<\/address>\n<address>\u00a0<\/address>\n<address>\u00a0<\/address>\n<address>\u00a0<\/address>\n<address>\u00a0<\/address>\n<address>\u00a0<\/address>\n<address>\u00a0<\/address>\n<address>\u00a0<\/address>\n","protected":false},"excerpt":{"rendered":"<p>Medan jag och lill loppan v\u00e4ntade p\u00e5 att Hugo skulle komma fr\u00e5n ishallen med fritids s\u00e5 passade vi p\u00e5 att k\u00f6ra ut till Varal\u00f6vs g\u00e5rdsbutik och k\u00f6pte p\u00e4ror.. Hilda somnade i bilen s\u00e5 jag sm\u00f6g in lite snabbt sj\u00e4lv det blev potatis, \u00e4gg fr\u00e5n frig\u00e5ende uteh\u00f6ns och SVENSK gurka odlad \u2026<\/p>\n<p class=\"continue-reading-button\"> <a class=\"continue-reading-link\" href=\"https:\/\/mari.lamberth.se\/?p=674\">Continue reading<i class=\"crycon-right-dir\"><\/i><\/a><\/p>\n","protected":false},"author":1,"featured_media":0,"comment_status":"open","ping_status":"open","sticky":false,"template":"","format":"standard","meta":[],"categories":[1],"tags":[],"_links":{"self":[{"href":"https:\/\/mari.lamberth.se\/index.php?rest_route=\/wp\/v2\/posts\/674"}],"collection":[{"href":"https:\/\/mari.lamberth.se\/index.php?rest_route=\/wp\/v2\/posts"}],"about":[{"href":"https:\/\/mari.lamberth.se\/index.php?rest_route=\/wp\/v2\/types\/post"}],"author":[{"embeddable":true,"href":"https:\/\/mari.lamberth.se\/index.php?rest_route=\/wp\/v2\/users\/1"}],"replies":[{"embeddable":true,"href":"https:\/\/mari.lamberth.se\/index.php?rest_route=%2Fwp%2Fv2%2Fcomments&post=674"}],"version-history":[{"count":0,"href":"https:\/\/mari.lamberth.se\/index.php?rest_route=\/wp\/v2\/posts\/674\/revisions"}],"wp:attachment":[{"href":"https:\/\/mari.lamberth.se\/index.php?rest_route=%2Fwp%2Fv2%2Fmedia&parent=674"}],"wp:term":[{"taxonomy":"category","embeddable":true,"href":"https:\/\/mari.lamberth.se\/index.php?rest_route=%2Fwp%2Fv2%2Fcategories&post=674"},{"taxonomy":"post_tag","embeddable":true,"href":"https:\/\/mari.lamberth.se\/index.php?rest_route=%2Fwp%2Fv2%2Ftags&post=674"}],"curies":[{"name":"wp","href":"https:\/\/api.w.org\/{rel}","templated":true}]}}