{"id":678,"date":"2012-03-14T19:46:53","date_gmt":"2012-03-14T17:46:53","guid":{"rendered":"http:\/\/xn--stasmulor-07a.se\/?p=678"},"modified":"2012-03-14T19:46:53","modified_gmt":"2012-03-14T17:46:53","slug":"sockerkaka-som-sma-insekter","status":"publish","type":"post","link":"https:\/\/mari.lamberth.se\/?p=678","title":{"rendered":"Sockerkaka som sm\u00e5 insekter!"},"content":{"rendered":"<address>Idag har v\u00e4dret varit helt underbart, jag borde ha varit inne och st\u00e4dat har liksom gjort onsdagen som\u00a0 min st\u00e4ddag. Varannan vecka lite mer noggrant och varannan lite mindre \ud83d\ude42 Meeen nu var det ju som sagt s\u00e5 fint idag s\u00e5 det blev mest att vara ute.<\/address>\n<address>\u00a0<\/address>\n<address>Tog ut v\u00e5r h\u00e4rliga madrass p\u00e5 altanen (stor s\u00e5 hela familjen f\u00e5r plats) som \u00e4r ett loppisfynd sedan vr\u00e4kte vi oss p\u00e5 den, mest jag f\u00f6r barnen ville hoppa i studsmattan eller leka med annat men det var v\u00e4l helt ok. Jag blir s\u00e5 glad av att se barnen leka i tr\u00e4dg\u00e5rden och jag l\u00e5g och planerade lite vad jag vill g\u00f6ra i sommar med tr\u00e4dg\u00e5rden, t\u00e4nkte mest p\u00e5 \u00e4tbara saker man kan pyssla med f\u00f6r det \u00e4r ju s\u00e5 gott att \u00e4ta och p\u00e5 tal om att \u00e4ta s\u00e5 gjorde jag sm\u00e5 insekter till fikat idag. Sockerkaka smaksatt med kardemumma, oj vad goda dem blev. Men nu \u00e4lskar jag ju kardemumma vi \u00e4r riktigt bra v\u00e4nner \ud83d\ude42 Nu gjorde jag i sm\u00e5 formar men receptet \u00e4r ber\u00e4knat f\u00f6r en vanlig sockerkaksform.<\/address>\n<address>\u00a0<\/address>\n<address>Gjorde \u00e4ven en smoothie till p\u00e5 frusen mango i t\u00e4rningar, banan, mj\u00f6lk och naturell yoghurt det blev s\u00e5\u00e5 gott. Jag tog ett pkt frusen mango, 2 bananer, 4 dl yoghurt och 2-3 dl mj\u00f6lk. Mixa h\u00e4ll upp. R\u00e4cker gott och v\u00e4l till 4-5 personer. Har gjort den tidigare och det \u00e4r precis lika gott som glass om inte godare&#8230;<\/address>\n<address>\u00a0<\/address>\n<address><span style=\"text-decoration: underline;\"><strong>Sockerkaka med kardemumma!<\/strong><\/span><\/address>\n<address>3 st ekologiska \u00e4gg<br \/>\n2.5 dl str\u00f6socker<br \/>\n1 tsk vaniljsocker<br \/>\n50 g sm\u00f6r<br \/>\n1 dl mj\u00f6lk<br \/>\n3.5 dl vetemj\u00f6l<br \/>\n2 tsk bakpulver<br \/>\n1 st nypa salt<\/address>\n<address>1 msk kardemumma k\u00e4rnor<\/address>\n<address>sm\u00f6r och str\u00f6br\u00f6d till formen<\/address>\n<address>\u00a0<\/address>\n<div>\n<address>G\u00f6r s\u00e5 h\u00e4r<\/address>\n<address><strong>1.<\/strong> S\u00e4tt ugnen p\u00e5 175 grader.<\/address>\n<address><strong>2.<\/strong> Vispa \u00e4gg, str\u00f6socker och vaniljsocker vitt och riktigt p\u00f6sigt.<\/address>\n<address><strong>3.<\/strong> Sm\u00e4lt sm\u00f6ret och r\u00f6r i mj\u00f6lken, mal kardemumman och blanda i mj\u00f6lkblandningen.\u00a0\u00a0\u00a0\u00a0\u00a0\u00a0\u00a0\u00a0\u00a0\u00a0\u00a0\u00a0\u00a0\u00a0\u00a0\u00a0\u00a0\u00a0\u00a0\u00a0\u00a0\u00a0\u00a0\u00a0\u00a0\u00a0\u00a0\u00a0\u00a0\u00a0\u00a0\u00a0\u00a0\u00a0\u00a0\u00a0\u00a0\u00a0 \u00a0 \u00a0 \u00a0 \u00a0 \u00a0\u00a0 \u00a0 blanda det med \u00e4ggsmeten.<\/address>\n<address><strong>4.<\/strong> Blanda vetemj\u00f6l, bakpulver och salt och v\u00e4nd f\u00f6rsiktigt ner det i smeten.<\/address>\n<address><strong>5.<\/strong> Fyll en smord och br\u00f6ad sockerkaksform.<\/address>\n<address><strong>6.<\/strong> Gr\u00e4dda kakan naturell i mitten av ugnen i 25-30 minuter. Prova med en sticka, den ska inte vara kladdig.<\/address>\n<address><strong>7.<\/strong> L\u00e5t kakan svalna n\u00e5got och stj\u00e4lp sedan upp den p\u00e5 en tallrik eller ett br\u00f6dgaller.<\/address>\n<address>\u00a0<\/address>\n<address><a href=\"http:\/\/xn--stasmulor-07a.se\/wp-content\/uploads\/2012\/03\/DSC07010.jpg\"><img loading=\"lazy\" class=\"alignleft size-large wp-image-679\" title=\"insekter\" src=\"http:\/\/xn--stasmulor-07a.se\/wp-content\/uploads\/2012\/03\/DSC07010-1024x685.jpg\" alt=\"\" width=\"692\" height=\"462\" \/><\/a><\/address>\n<address>\u00a0<\/address>\n<address>\u00a0<\/address>\n<address>\u00a0<\/address>\n<address>\u00a0<\/address>\n<address>\u00a0<\/address>\n<address>\u00a0<\/address>\n<address>\u00a0<\/address>\n<address>\u00a0<\/address>\n<address>\u00a0<\/address>\n<address>\u00a0<\/address>\n<address>\u00a0<\/address>\n<\/div>\n","protected":false},"excerpt":{"rendered":"<p>Idag har v\u00e4dret varit helt underbart, jag borde ha varit inne och st\u00e4dat har liksom gjort onsdagen som\u00a0 min st\u00e4ddag. Varannan vecka lite mer noggrant och varannan lite mindre \ud83d\ude42 Meeen nu var det ju som sagt s\u00e5 fint idag s\u00e5 det blev mest att vara ute. \u00a0 Tog ut \u2026<\/p>\n<p class=\"continue-reading-button\"> <a class=\"continue-reading-link\" href=\"https:\/\/mari.lamberth.se\/?p=678\">Continue reading<i class=\"crycon-right-dir\"><\/i><\/a><\/p>\n","protected":false},"author":1,"featured_media":0,"comment_status":"open","ping_status":"open","sticky":false,"template":"","format":"standard","meta":[],"categories":[29,27],"tags":[],"_links":{"self":[{"href":"https:\/\/mari.lamberth.se\/index.php?rest_route=\/wp\/v2\/posts\/678"}],"collection":[{"href":"https:\/\/mari.lamberth.se\/index.php?rest_route=\/wp\/v2\/posts"}],"about":[{"href":"https:\/\/mari.lamberth.se\/index.php?rest_route=\/wp\/v2\/types\/post"}],"author":[{"embeddable":true,"href":"https:\/\/mari.lamberth.se\/index.php?rest_route=\/wp\/v2\/users\/1"}],"replies":[{"embeddable":true,"href":"https:\/\/mari.lamberth.se\/index.php?rest_route=%2Fwp%2Fv2%2Fcomments&post=678"}],"version-history":[{"count":0,"href":"https:\/\/mari.lamberth.se\/index.php?rest_route=\/wp\/v2\/posts\/678\/revisions"}],"wp:attachment":[{"href":"https:\/\/mari.lamberth.se\/index.php?rest_route=%2Fwp%2Fv2%2Fmedia&parent=678"}],"wp:term":[{"taxonomy":"category","embeddable":true,"href":"https:\/\/mari.lamberth.se\/index.php?rest_route=%2Fwp%2Fv2%2Fcategories&post=678"},{"taxonomy":"post_tag","embeddable":true,"href":"https:\/\/mari.lamberth.se\/index.php?rest_route=%2Fwp%2Fv2%2Ftags&post=678"}],"curies":[{"name":"wp","href":"https:\/\/api.w.org\/{rel}","templated":true}]}}