{"id":697,"date":"2012-03-21T20:38:12","date_gmt":"2012-03-21T18:38:12","guid":{"rendered":"http:\/\/xn--stasmulor-07a.se\/?p=697"},"modified":"2012-03-21T20:38:12","modified_gmt":"2012-03-21T18:38:12","slug":"hildas-och-min-egna-lilla-lunch","status":"publish","type":"post","link":"https:\/\/mari.lamberth.se\/?p=697","title":{"rendered":"Hildas och min egna lilla lunch!"},"content":{"rendered":"<address>Denna lunchen m\u00e5ste ni prova om ni inte gjort den tidigare med risk f\u00f6r att bli tjatig s\u00e5 \u00e4r hemgjord pesto i en helt annan dimension \u00e4n den k\u00f6pta. Receptet ligger under fliken pasta. Jag g\u00f6r alltid denna r\u00e4tt 1 g\u00e5ng i veckan n\u00e4r jag och Hilda \u00e4r sj\u00e4lva f\u00f6r pappan och sonen e v\u00e4l inte riktigt lika entusiastiska som vi \ud83d\ude09 F\u00e5r Hilda inte pasta pesto 1 g\u00e5ng i veckan s\u00e5 blir det liv i luckan&#8230;.. N\u00e4r vi v\u00e4l har det s\u00e5 s\u00e4ger hon alltid n\u00e4r jag f\u00f6rs\u00f6ker prata lite med henne under tiden vi \u00e4ter &#8230; &#8221;mamma vi \u00e4ter pesto nu, d\u00e5 kan man inte prata f\u00f6r det \u00e4r s\u00e5 gott&#8221;<\/address>\n<address>Dessa \u00e4r i alla fall ingredienserna.<\/address>\n<address>\u00a0<\/address>\n<address>Jag vet att det \u00e4r solrosk\u00e4rnor p\u00e5 bilden och att det egentligen ska vara pinjek\u00e4rnor, men h\u00e4r k\u00f6r vi budget varianten som blir v\u00e4ldigt gott d m\u00e4&#8230;. \ud83d\ude42<\/address>\n<address>\u00a0<\/address>\n<address><a href=\"http:\/\/xn--stasmulor-07a.se\/wp-content\/uploads\/2012\/03\/IMG_08461.jpg\"><img loading=\"lazy\" class=\"alignleft size-large wp-image-698\" title=\"IMG_0846[1]\" src=\"http:\/\/xn--stasmulor-07a.se\/wp-content\/uploads\/2012\/03\/IMG_08461-e1332355013835-768x1024.jpg\" alt=\"\" width=\"692\" height=\"922\" \/><\/a><\/address>\n<address>\u00a0<\/address>\n<address>\u00a0<\/address>\n<address>\u00a0<\/address>\n<address>\u00a0<\/address>\n","protected":false},"excerpt":{"rendered":"<p>Denna lunchen m\u00e5ste ni prova om ni inte gjort den tidigare med risk f\u00f6r att bli tjatig s\u00e5 \u00e4r hemgjord pesto i en helt annan dimension \u00e4n den k\u00f6pta. Receptet ligger under fliken pasta. Jag g\u00f6r alltid denna r\u00e4tt 1 g\u00e5ng i veckan n\u00e4r jag och Hilda \u00e4r sj\u00e4lva f\u00f6r \u2026<\/p>\n<p class=\"continue-reading-button\"> <a class=\"continue-reading-link\" href=\"https:\/\/mari.lamberth.se\/?p=697\">Continue reading<i class=\"crycon-right-dir\"><\/i><\/a><\/p>\n","protected":false},"author":1,"featured_media":0,"comment_status":"open","ping_status":"open","sticky":false,"template":"","format":"standard","meta":[],"categories":[1],"tags":[],"_links":{"self":[{"href":"https:\/\/mari.lamberth.se\/index.php?rest_route=\/wp\/v2\/posts\/697"}],"collection":[{"href":"https:\/\/mari.lamberth.se\/index.php?rest_route=\/wp\/v2\/posts"}],"about":[{"href":"https:\/\/mari.lamberth.se\/index.php?rest_route=\/wp\/v2\/types\/post"}],"author":[{"embeddable":true,"href":"https:\/\/mari.lamberth.se\/index.php?rest_route=\/wp\/v2\/users\/1"}],"replies":[{"embeddable":true,"href":"https:\/\/mari.lamberth.se\/index.php?rest_route=%2Fwp%2Fv2%2Fcomments&post=697"}],"version-history":[{"count":0,"href":"https:\/\/mari.lamberth.se\/index.php?rest_route=\/wp\/v2\/posts\/697\/revisions"}],"wp:attachment":[{"href":"https:\/\/mari.lamberth.se\/index.php?rest_route=%2Fwp%2Fv2%2Fmedia&parent=697"}],"wp:term":[{"taxonomy":"category","embeddable":true,"href":"https:\/\/mari.lamberth.se\/index.php?rest_route=%2Fwp%2Fv2%2Fcategories&post=697"},{"taxonomy":"post_tag","embeddable":true,"href":"https:\/\/mari.lamberth.se\/index.php?rest_route=%2Fwp%2Fv2%2Ftags&post=697"}],"curies":[{"name":"wp","href":"https:\/\/api.w.org\/{rel}","templated":true}]}}