{"id":744,"date":"2012-06-10T21:00:15","date_gmt":"2012-06-10T19:00:15","guid":{"rendered":"http:\/\/xn--stasmulor-07a.se\/?p=744"},"modified":"2012-06-10T21:00:15","modified_gmt":"2012-06-10T19:00:15","slug":"smarrig-pannkakstarta-med-lemoncurdgradde-och-choklad","status":"publish","type":"post","link":"https:\/\/mari.lamberth.se\/?p=744","title":{"rendered":"Smarrig pannkakst\u00e5rta med lemoncurdgr\u00e4dde och choklad&#8230;"},"content":{"rendered":"<address>Det var skolavslutning i fredags och Hugo var p\u00e5 sin allra f\u00f6rsta. V\u00e4ldigt mysigt va d, barnen sj\u00f6ng och Rektorerna h\u00f6ll tal. Det k\u00e4ndes n\u00e4stan som n\u00e4r man var i kyrkan n\u00e4r man va liten. Saknade kyrkan f\u00f6rst men till sist s\u00e5 sj\u00f6ng vi Den blomster tid&#8230; d\u00e5 k\u00e4ndes det genast b\u00e4ttre :). Hugo fick v\u00e4lja fikat den dagen och han valde pannkakst\u00e5rta. S\u00e5 det var bara att \u00e5ka hem och b\u00f6rja steka pannkakor. Jag gjorde mitt vanliga pannkaksrecept men tog i lite bakpulver f\u00f6r jag ville inte att dem skulle flyta ut s\u00e5 mkt, ville g\u00f6ra en lite mindre t\u00e5rta i omkrets, och det fungerade. Blev riktigt bra faktiskt. Fyllde den med lemoncurd blandat med gr\u00e4dde och choklads\u00e5s. G\u00f6r nu egen lemoncurd finns f\u00e4rdig att k\u00f6pa men den hemgjorda e s\u00e5 mkt b\u00e4ttre, och det som blir \u00f6ver har du p\u00e5 sm\u00f6rg\u00e5sen d e grajor d&#8230; Hade jag haft riktigt choklad hemma s\u00e5 hade jag tagit det ist\u00e4llet meen&#8230; choklad blir inte s\u00e5 l\u00e5nglivat i detta hush\u00e5llet s\u00e5 jag fick n\u00f6ja mig med choklads\u00e5s och det blev gott kan jag lova!<\/address>\n<address>P\u00e5 toppen la vi k\u00f6rsb\u00e4r f\u00f6r det var vad kylen hade att erbjuda. Man kan ta vilka b\u00e4r man vill. Kombinationen av dessa smaker blev v\u00e4ldigt gott. L\u00e5ter man den dessutom st\u00e5 i kylen en stund s\u00e5 blir den \u00e4nnu b\u00e4ttre, nu hade vi inte tiden eller lusten att v\u00e4nta s\u00e5 vi d\u00f6k p\u00e5 den direkt. H\u00e4r kommer receptet enjoy \ud83d\ude42<\/address>\n<address>\u00a0<\/address>\n<address>Lemoncurd ingredienser till 2-3 burkar<br \/>\n3 citroner<br \/>\n3 dl str\u00f6socker<br \/>\n150 g sm\u00f6r<br \/>\n6 \u00e4gg<\/address>\n<div>\n<address>G\u00f6r s\u00e5 h\u00e4r:<\/address>\n<address>Tv\u00e4tta citronerna noga. Riv skalet och pressa juicen ur citronerna. Blanda skal och saft i en kastrull tillsammans med socker, \u00e4gg och sm\u00f6r.<\/address>\n<address>V\u00e4rm kr\u00e4men i vattenbad genom att s\u00e4tta kastrullen med ingredienserna i en st\u00f6rre kastrull med vatten. Sjud under omr\u00f6rning tills kr\u00e4men b\u00f6rjar tjockna.<\/address>\n<address>H\u00e4ll upp kr\u00e4men i rena burkar, f\u00f6rvara i kylen i max 14 dagar.<br \/>\n<strong>Receptet kommer fr\u00e5n Mat Niklas<\/strong><\/address>\n<address>\u00a0<\/address>\n<address><strong>v\u00e4rldens b\u00e4staste Pannkakor (recept fr\u00e5n barnens farmor)<\/strong><\/address>\n<address>\u00a0<\/address>\n<address>3 \u00e4gg<\/address>\n<address>3 dl mj\u00f6lk<br \/>\n3 dl vatten<br \/>\n3 dl mj\u00f6l<\/address>\n<address>1,5 tsk bakpulver<\/address>\n<address>50 g sm\u00f6r<\/address>\n<address>\u00a0<\/address>\n<address>\u00a0<\/address>\n<address>Sm\u00e4lt sm\u00f6ret. Blanda alla ingredienserna till pannkakorna r\u00f6r smeten klimpfri. Stek stora eller sm\u00e5. <\/address>\n<address>\u00a0<\/address>\n<address><strong>Fyllning:<\/strong><\/address>\n<address><strong>Gr\u00e4dde ca 3-4 dl<\/strong><\/address>\n<address><strong>2 1\/2 dl lemoncurd<\/strong><br \/>\n<strong>choklads\u00e5s eller sm\u00e4lt choklad<\/strong><\/address>\n<address>\u00a0<\/address>\n<address>Vispa gr\u00e4dden ganska h\u00e5rt, blanda i lemoncurden. B\u00f6rja varva pannkaka, lemoncurdgr\u00e4dde och choklads\u00e5s. G\u00f6r s\u00e5 tills sista pannkakan spara lite gr\u00e4dde till p\u00e5 toppen av t\u00e5rtan. Dekorera med b\u00e4ren och ev n\u00f6tter, hyvlad choklad. NJUT \ud83d\ude42<\/address>\n<address>\u00a0<\/address>\n<address><a href=\"http:\/\/xn--stasmulor-07a.se\/wp-content\/uploads\/2012\/06\/IMG_11961.jpg\"><img loading=\"lazy\" class=\"alignleft size-large wp-image-745\" title=\"IMG_1196[1]\" src=\"http:\/\/xn--stasmulor-07a.se\/wp-content\/uploads\/2012\/06\/IMG_11961-e1339354651296-768x1024.jpg\" alt=\"\" width=\"692\" height=\"922\" \/><\/a><\/address>\n<address>\u00a0<\/address>\n<address>\u00a0<\/address>\n<address>\u00a0<\/address>\n<address>\u00a0<\/address>\n<address>\u00a0<\/address>\n<address>\u00a0<\/address>\n<address>\u00a0<\/address>\n<address>\u00a0<\/address>\n<\/div>\n","protected":false},"excerpt":{"rendered":"<p>Det var skolavslutning i fredags och Hugo var p\u00e5 sin allra f\u00f6rsta. V\u00e4ldigt mysigt va d, barnen sj\u00f6ng och Rektorerna h\u00f6ll tal. Det k\u00e4ndes n\u00e4stan som n\u00e4r man var i kyrkan n\u00e4r man va liten. Saknade kyrkan f\u00f6rst men till sist s\u00e5 sj\u00f6ng vi Den blomster tid&#8230; d\u00e5 k\u00e4ndes det \u2026<\/p>\n<p class=\"continue-reading-button\"> <a class=\"continue-reading-link\" href=\"https:\/\/mari.lamberth.se\/?p=744\">Continue reading<i class=\"crycon-right-dir\"><\/i><\/a><\/p>\n","protected":false},"author":1,"featured_media":0,"comment_status":"open","ping_status":"open","sticky":false,"template":"","format":"standard","meta":[],"categories":[4,5,29,10,32,8],"tags":[],"_links":{"self":[{"href":"https:\/\/mari.lamberth.se\/index.php?rest_route=\/wp\/v2\/posts\/744"}],"collection":[{"href":"https:\/\/mari.lamberth.se\/index.php?rest_route=\/wp\/v2\/posts"}],"about":[{"href":"https:\/\/mari.lamberth.se\/index.php?rest_route=\/wp\/v2\/types\/post"}],"author":[{"embeddable":true,"href":"https:\/\/mari.lamberth.se\/index.php?rest_route=\/wp\/v2\/users\/1"}],"replies":[{"embeddable":true,"href":"https:\/\/mari.lamberth.se\/index.php?rest_route=%2Fwp%2Fv2%2Fcomments&post=744"}],"version-history":[{"count":0,"href":"https:\/\/mari.lamberth.se\/index.php?rest_route=\/wp\/v2\/posts\/744\/revisions"}],"wp:attachment":[{"href":"https:\/\/mari.lamberth.se\/index.php?rest_route=%2Fwp%2Fv2%2Fmedia&parent=744"}],"wp:term":[{"taxonomy":"category","embeddable":true,"href":"https:\/\/mari.lamberth.se\/index.php?rest_route=%2Fwp%2Fv2%2Fcategories&post=744"},{"taxonomy":"post_tag","embeddable":true,"href":"https:\/\/mari.lamberth.se\/index.php?rest_route=%2Fwp%2Fv2%2Ftags&post=744"}],"curies":[{"name":"wp","href":"https:\/\/api.w.org\/{rel}","templated":true}]}}