{"id":774,"date":"2012-06-24T23:46:19","date_gmt":"2012-06-24T21:46:19","guid":{"rendered":"http:\/\/xn--stasmulor-07a.se\/?p=774"},"modified":"2012-06-24T23:46:19","modified_gmt":"2012-06-24T21:46:19","slug":"sommaren-basta-sallad","status":"publish","type":"post","link":"https:\/\/mari.lamberth.se\/?p=774","title":{"rendered":"Sommaren b\u00e4sta sallad?"},"content":{"rendered":"<address>N\u00e4r vi grillar s\u00e5 finns n\u00e4stan alltid denna salladen med, antingen som huvudrollsinnehavare av sj\u00e4lva salladen p\u00e5 bordet eller som kollega till en annan sallad. F\u00f6r den \u00e4r s\u00e5 god och den passar s\u00e5 sjukt bra till grillat om du grillar kyckling, fl\u00e4sk, oxk\u00f6tt&#8230;. F\u00e5 ingredienser men ack s\u00e5 viktiga f\u00f6r dem gifter sig s\u00e5 fantastiskt. Det \u00e4r s\u00f6tt, fett, salt och s\u00e5 smaken av basilika som g\u00f6r att det \u00e4r en superkombo! H\u00e4r kommer receptet och det beh\u00f6vs inga anteckningar f\u00f6r det \u00e4r 4 saker i och det kommer man ih\u00e5g \ud83d\ude42<\/address>\n<address>\u00a0<\/address>\n<address>4 pers<\/address>\n<address>1 bit Vattenmelon<br \/>\n1 pkt Fetaost<br \/>\n1 liten brk Kalamataoliver<br \/>\nN\u00e5gra basilika blad<\/address>\n<address>\u00a0<\/address>\n<address>Man kan dock variera sig och ta jordgubbar ist\u00e4llet f\u00f6r vattenmelon. Du kan ta halloumi ist\u00e4llet f\u00f6r feta. Prova att g\u00f6ra denna en g\u00e5ng och jag lovar att ni blir fast f\u00f6r evigheters evigheter \ud83d\ude42<\/address>\n<address>\u00a0<\/address>\n<address><a href=\"http:\/\/xn--stasmulor-07a.se\/wp-content\/uploads\/2012\/06\/IMG_12201.jpg\"><img loading=\"lazy\" class=\"alignleft size-large wp-image-775\" title=\"IMG_1220[1]\" src=\"http:\/\/xn--stasmulor-07a.se\/wp-content\/uploads\/2012\/06\/IMG_12201-1024x768.jpg\" alt=\"\" width=\"692\" height=\"519\" \/><\/a><\/address>\n<address>\u00a0<\/address>\n<address>\u00a0<\/address>\n<address>\u00a0<\/address>\n<address>\u00a0<\/address>\n","protected":false},"excerpt":{"rendered":"<p>N\u00e4r vi grillar s\u00e5 finns n\u00e4stan alltid denna salladen med, antingen som huvudrollsinnehavare av sj\u00e4lva salladen p\u00e5 bordet eller som kollega till en annan sallad. F\u00f6r den \u00e4r s\u00e5 god och den passar s\u00e5 sjukt bra till grillat om du grillar kyckling, fl\u00e4sk, oxk\u00f6tt&#8230;. F\u00e5 ingredienser men ack s\u00e5 viktiga \u2026<\/p>\n<p class=\"continue-reading-button\"> <a class=\"continue-reading-link\" href=\"https:\/\/mari.lamberth.se\/?p=774\">Continue reading<i class=\"crycon-right-dir\"><\/i><\/a><\/p>\n","protected":false},"author":1,"featured_media":0,"comment_status":"open","ping_status":"open","sticky":false,"template":"","format":"standard","meta":[],"categories":[12,14],"tags":[],"_links":{"self":[{"href":"https:\/\/mari.lamberth.se\/index.php?rest_route=\/wp\/v2\/posts\/774"}],"collection":[{"href":"https:\/\/mari.lamberth.se\/index.php?rest_route=\/wp\/v2\/posts"}],"about":[{"href":"https:\/\/mari.lamberth.se\/index.php?rest_route=\/wp\/v2\/types\/post"}],"author":[{"embeddable":true,"href":"https:\/\/mari.lamberth.se\/index.php?rest_route=\/wp\/v2\/users\/1"}],"replies":[{"embeddable":true,"href":"https:\/\/mari.lamberth.se\/index.php?rest_route=%2Fwp%2Fv2%2Fcomments&post=774"}],"version-history":[{"count":0,"href":"https:\/\/mari.lamberth.se\/index.php?rest_route=\/wp\/v2\/posts\/774\/revisions"}],"wp:attachment":[{"href":"https:\/\/mari.lamberth.se\/index.php?rest_route=%2Fwp%2Fv2%2Fmedia&parent=774"}],"wp:term":[{"taxonomy":"category","embeddable":true,"href":"https:\/\/mari.lamberth.se\/index.php?rest_route=%2Fwp%2Fv2%2Fcategories&post=774"},{"taxonomy":"post_tag","embeddable":true,"href":"https:\/\/mari.lamberth.se\/index.php?rest_route=%2Fwp%2Fv2%2Ftags&post=774"}],"curies":[{"name":"wp","href":"https:\/\/api.w.org\/{rel}","templated":true}]}}