{"id":940,"date":"2013-02-19T18:03:56","date_gmt":"2013-02-19T16:03:56","guid":{"rendered":"http:\/\/xn--stasmulor-07a.se\/?p=940"},"modified":"2013-02-19T18:03:56","modified_gmt":"2013-02-19T16:03:56","slug":"hildas-5-ars-kalas","status":"publish","type":"post","link":"https:\/\/mari.lamberth.se\/?p=940","title":{"rendered":"Hildas 5 \u00e5rs kalas!"},"content":{"rendered":"<address>Har ju helt gl\u00f6mt bort att visa upp lite smarrigheter fr\u00e5n Hildas f\u00f6delsedagskalas i december. Som sagts tidigare s\u00e5 \u00e4r december en intensiv m\u00e5nad, d\u00e4r vi inte bara har jul att fira utan \u00e4ven lagt in ett par f\u00f6delsedagar kallas god planering \ud83d\ude42 d\u00e4rf\u00f6r s\u00e5 blev det lite stiltje med inl\u00e4gg den m\u00e5naden.\u00a0 H\u00e4r kommer i alla fall lite bilder fr\u00e5n hennes kalas som vi best\u00e4mde skulle g\u00e5 i lila och vitt (eller s\u00e5 var det jag som best\u00e4mde inte vi) \ud83d\ude42<\/address>\n<address>\u00a0<\/address>\n<address><a href=\"http:\/\/xn--stasmulor-07a.se\/wp-content\/uploads\/2013\/02\/IMG_31721.jpg\"><img loading=\"lazy\" class=\"alignleft size-large wp-image-941\" title=\"IMG_3172[1]\" src=\"http:\/\/xn--stasmulor-07a.se\/wp-content\/uploads\/2013\/02\/IMG_31721-1024x1024.jpg\" alt=\"\" width=\"692\" height=\"692\" \/><\/a><\/address>\n<address>\u00a0<\/address>\n<address>\u00a0<a href=\"http:\/\/xn--stasmulor-07a.se\/wp-content\/uploads\/2013\/02\/IMG_31731.jpg\"><img loading=\"lazy\" class=\"alignleft size-large wp-image-942\" title=\"IMG_3173[1]\" src=\"http:\/\/xn--stasmulor-07a.se\/wp-content\/uploads\/2013\/02\/IMG_31731-1024x1024.jpg\" alt=\"\" width=\"692\" height=\"692\" \/><\/a><\/address>\n<address>\u00a0<\/address>\n<address>\u00a0<\/address>\n<address><a href=\"http:\/\/xn--stasmulor-07a.se\/wp-content\/uploads\/2013\/02\/IMG_31741.jpg\"><img loading=\"lazy\" class=\"alignleft size-large wp-image-943\" title=\"IMG_3174[1]\" src=\"http:\/\/xn--stasmulor-07a.se\/wp-content\/uploads\/2013\/02\/IMG_31741-1024x1024.jpg\" alt=\"\" width=\"692\" height=\"692\" \/><\/a><\/address>\n<address>\u00a0<\/address>\n<address>\u00a0<\/address>\n<address><a href=\"http:\/\/xn--stasmulor-07a.se\/wp-content\/uploads\/2013\/02\/IMG_31751.jpg\"><img loading=\"lazy\" class=\"alignleft size-large wp-image-944\" title=\"IMG_3175[1]\" src=\"http:\/\/xn--stasmulor-07a.se\/wp-content\/uploads\/2013\/02\/IMG_31751-1024x1024.jpg\" alt=\"\" width=\"692\" height=\"692\" \/><\/a><\/address>\n<address>\u00a0<\/address>\n<address>\u00a0<\/address>\n<address>\u00a0<\/address>\n<address><a href=\"http:\/\/xn--stasmulor-07a.se\/wp-content\/uploads\/2013\/02\/DSC08994.jpg\"><img loading=\"lazy\" class=\"alignleft size-large wp-image-945\" title=\"SONY DSC\" src=\"http:\/\/xn--stasmulor-07a.se\/wp-content\/uploads\/2013\/02\/DSC08994-1024x685.jpg\" alt=\"\" width=\"692\" height=\"462\" \/><\/a><\/address>\n","protected":false},"excerpt":{"rendered":"<p>Har ju helt gl\u00f6mt bort att visa upp lite smarrigheter fr\u00e5n Hildas f\u00f6delsedagskalas i december. Som sagts tidigare s\u00e5 \u00e4r december en intensiv m\u00e5nad, d\u00e4r vi inte bara har jul att fira utan \u00e4ven lagt in ett par f\u00f6delsedagar kallas god planering \ud83d\ude42 d\u00e4rf\u00f6r s\u00e5 blev det lite stiltje med \u2026<\/p>\n<p class=\"continue-reading-button\"> <a class=\"continue-reading-link\" href=\"https:\/\/mari.lamberth.se\/?p=940\">Continue reading<i class=\"crycon-right-dir\"><\/i><\/a><\/p>\n","protected":false},"author":1,"featured_media":0,"comment_status":"open","ping_status":"open","sticky":false,"template":"","format":"standard","meta":[],"categories":[20,29,8,1],"tags":[],"_links":{"self":[{"href":"https:\/\/mari.lamberth.se\/index.php?rest_route=\/wp\/v2\/posts\/940"}],"collection":[{"href":"https:\/\/mari.lamberth.se\/index.php?rest_route=\/wp\/v2\/posts"}],"about":[{"href":"https:\/\/mari.lamberth.se\/index.php?rest_route=\/wp\/v2\/types\/post"}],"author":[{"embeddable":true,"href":"https:\/\/mari.lamberth.se\/index.php?rest_route=\/wp\/v2\/users\/1"}],"replies":[{"embeddable":true,"href":"https:\/\/mari.lamberth.se\/index.php?rest_route=%2Fwp%2Fv2%2Fcomments&post=940"}],"version-history":[{"count":0,"href":"https:\/\/mari.lamberth.se\/index.php?rest_route=\/wp\/v2\/posts\/940\/revisions"}],"wp:attachment":[{"href":"https:\/\/mari.lamberth.se\/index.php?rest_route=%2Fwp%2Fv2%2Fmedia&parent=940"}],"wp:term":[{"taxonomy":"category","embeddable":true,"href":"https:\/\/mari.lamberth.se\/index.php?rest_route=%2Fwp%2Fv2%2Fcategories&post=940"},{"taxonomy":"post_tag","embeddable":true,"href":"https:\/\/mari.lamberth.se\/index.php?rest_route=%2Fwp%2Fv2%2Ftags&post=940"}],"curies":[{"name":"wp","href":"https:\/\/api.w.org\/{rel}","templated":true}]}}